{"id":25151,"date":"2020-09-21T13:19:18","date_gmt":"2020-09-21T13:19:18","guid":{"rendered":"http:\/\/centralmedia.rs\/?p=25151"},"modified":"2020-09-27T16:44:04","modified_gmt":"2020-09-27T16:44:04","slug":"paracinski-fotografi","status":"publish","type":"post","link":"https:\/\/centralmedia.rs\/index.php\/2020\/09\/21\/paracinski-fotografi\/","title":{"rendered":"PARA\u0106INSKI FOTOGRAFI"},"content":{"rendered":"<p>PARA\u0106IN- Povodom obele\u017eavanja Dana Op\u0161tine Para\u0107in grupa gra\u0111ana, fotografska grupa koja sebe potpisuje kao Umetni\u010dki tim, predstavi\u0107e svoje radove para\u0107inskoj publici u petak 25. septembra u 19 sati ,,Galerija u prolazu\u201d koja se nalazi u Gradskoj Biblioteci dr Vi\u0107entije Raki\u0107.<\/p>\n<p>Ova grupa predstavi\u0107e se fotografijama velikih formatima. Re\u010d je o projekciji Me\u0111unarodne izlo\u017ebe umetni\u010dkih fotografija pod nazivom ,,Petrus&#8221;, a predstavi\u0107e se\u00a0 238 fotografa iz 58 zemalja. Ta izlo\u017eba je pod pokroviteljstvom Fotografske Ameri\u010dke asocijacije (PSA) i Internacionalne asocijacije umetni\u010dkih fotografa (IAAP).<\/p>\n<p>Fotografi su najavili da \u0107e izlo\u017ebi prisustvovati novoizabrani predsednik op\u0161tine Vladimir Mili\u0107evi\u0107, koji \u0107e otvoriti prate\u0107u izlo\u017ebu u Atrijumu gradske biblioteke.<\/p>\n","protected":false},"excerpt":{"rendered":"<p>PARA\u0106IN- Povodom obele\u017eavanja Dana Op\u0161tine Para\u0107in grupa gra\u0111ana, fotografska grupa koja sebe potpisuje kao Umetni\u010dki tim, predstavi\u0107e svoje radove para\u0107inskoj publici u petak 25. septembra &hellip; <\/p>\n","protected":false},"author":2,"featured_media":25152,"comment_status":"open","ping_status":"open","sticky":false,"template":"","format":"standard","meta":{"footnotes":""},"categories":[1524,2,15,1516,887,12],"tags":[4858,156,4857],"_links":{"self":[{"href":"https:\/\/centralmedia.rs\/index.php\/wp-json\/wp\/v2\/posts\/25151"}],"collection":[{"href":"https:\/\/centralmedia.rs\/index.php\/wp-json\/wp\/v2\/posts"}],"about":[{"href":"https:\/\/centralmedia.rs\/index.php\/wp-json\/wp\/v2\/types\/post"}],"author":[{"embeddable":true,"href":"https:\/\/centralmedia.rs\/index.php\/wp-json\/wp\/v2\/users\/2"}],"replies":[{"embeddable":true,"href":"https:\/\/centralmedia.rs\/index.php\/wp-json\/wp\/v2\/comments?post=25151"}],"version-history":[{"count":1,"href":"https:\/\/centralmedia.rs\/index.php\/wp-json\/wp\/v2\/posts\/25151\/revisions"}],"predecessor-version":[{"id":25153,"href":"https:\/\/centralmedia.rs\/index.php\/wp-json\/wp\/v2\/posts\/25151\/revisions\/25153"}],"wp:featuredmedia":[{"embeddable":true,"href":"https:\/\/centralmedia.rs\/index.php\/wp-json\/wp\/v2\/media\/25152"}],"wp:attachment":[{"href":"https:\/\/centralmedia.rs\/index.php\/wp-json\/wp\/v2\/media?parent=25151"}],"wp:term":[{"taxonomy":"category","embeddable":true,"href":"https:\/\/centralmedia.rs\/index.php\/wp-json\/wp\/v2\/categories?post=25151"},{"taxonomy":"post_tag","embeddable":true,"href":"https:\/\/centralmedia.rs\/index.php\/wp-json\/wp\/v2\/tags?post=25151"}],"curies":[{"name":"wp","href":"https:\/\/api.w.org\/{rel}","templated":true}]}}