{"id":25156,"date":"2020-09-22T12:53:19","date_gmt":"2020-09-22T12:53:19","guid":{"rendered":"http:\/\/centralmedia.rs\/?p=25156"},"modified":"2020-09-27T16:44:18","modified_gmt":"2020-09-27T16:44:18","slug":"paracinska-fabrika-stakla-u-stecaju","status":"publish","type":"post","link":"https:\/\/centralmedia.rs\/index.php\/2020\/09\/22\/paracinska-fabrika-stakla-u-stecaju\/","title":{"rendered":"PARA\u0106INSKA FABRIKA STAKLA U STE\u010cAJU"},"content":{"rendered":"<p>PARA\u0106IN- Privredni sud u Kragujevcu otvorio je ko zna koji put od septembra 2017. godine sre\u010dajni postupak u Srpskoj fabrici stakla u Para\u0107inu, kao i predhodnih puta ste\u010daj je progla\u0161en zbog trajne nesposobnosti pla\u0107anja. Jo\u0161 sedam dana je ostalo za mogu\u0107u \u017ealbu, ako je ne bude ste\u010daj \u0107e biti pravosna\u017ean. Beogradska firma Remont enerd\u017ei, koja je otkupila potra\u017eivanja Srbijagasa, nastavila je pokrenuti ste\u010dajni postupak. Pozvani su poverioci da prijave svoja obezbe\u0111ena i neobezbe\u0111ena potra\u017eivanja u roku od 60 dana, dok su du\u017enici su pozvani da ispune svoje obaveze prema SFS. Biv\u0161i radnici SFS koji su izgubili posao u la\u017enom ste\u010daju u septembru 2017. godine razgovarili su sa predstavnicima firme Remont enered\u017ei i dobili obe\u0107anja o re\u0161avanju njihovih problema.<\/p>\n<p>Remont enerd\u017ei je otkupio potra\u017eivanja Srbijagasa prema \u00a0Srpskoj fabrici stakla u iznosu od 8,56 miliona evra obezbe\u0111enog potra\u017eivanja i neobezbe\u0111enog 5,34 milijardi dinara.<\/p>\n<p>Ra\u010duni SFS su u neprekidnoj blokadi od kraja marta 2018. godine i to u iznosu od 631,6 miliona dinara.<\/p>\n<p>Poverila\u010dko ro\u010di\u0161te zakazano je za 22. oktobar. Za ste\u010dajnog upravnika odre\u0111en je Sa\u0161a Jovanovi\u0107 iz Para\u0107ina, koji je i u protekle tri godine obavljao .<\/p>\n","protected":false},"excerpt":{"rendered":"<p>PARA\u0106IN- Privredni sud u Kragujevcu otvorio je ko zna koji put od septembra 2017. godine sre\u010dajni postupak u Srpskoj fabrici stakla u Para\u0107inu, kao i &hellip; <\/p>\n","protected":false},"author":2,"featured_media":9748,"comment_status":"open","ping_status":"open","sticky":false,"template":"","format":"standard","meta":{"footnotes":""},"categories":[22,1524,2,1516,887,12],"tags":[156,158,239],"_links":{"self":[{"href":"https:\/\/centralmedia.rs\/index.php\/wp-json\/wp\/v2\/posts\/25156"}],"collection":[{"href":"https:\/\/centralmedia.rs\/index.php\/wp-json\/wp\/v2\/posts"}],"about":[{"href":"https:\/\/centralmedia.rs\/index.php\/wp-json\/wp\/v2\/types\/post"}],"author":[{"embeddable":true,"href":"https:\/\/centralmedia.rs\/index.php\/wp-json\/wp\/v2\/users\/2"}],"replies":[{"embeddable":true,"href":"https:\/\/centralmedia.rs\/index.php\/wp-json\/wp\/v2\/comments?post=25156"}],"version-history":[{"count":1,"href":"https:\/\/centralmedia.rs\/index.php\/wp-json\/wp\/v2\/posts\/25156\/revisions"}],"predecessor-version":[{"id":25157,"href":"https:\/\/centralmedia.rs\/index.php\/wp-json\/wp\/v2\/posts\/25156\/revisions\/25157"}],"wp:featuredmedia":[{"embeddable":true,"href":"https:\/\/centralmedia.rs\/index.php\/wp-json\/wp\/v2\/media\/9748"}],"wp:attachment":[{"href":"https:\/\/centralmedia.rs\/index.php\/wp-json\/wp\/v2\/media?parent=25156"}],"wp:term":[{"taxonomy":"category","embeddable":true,"href":"https:\/\/centralmedia.rs\/index.php\/wp-json\/wp\/v2\/categories?post=25156"},{"taxonomy":"post_tag","embeddable":true,"href":"https:\/\/centralmedia.rs\/index.php\/wp-json\/wp\/v2\/tags?post=25156"}],"curies":[{"name":"wp","href":"https:\/\/api.w.org\/{rel}","templated":true}]}}