{"id":25196,"date":"2020-09-29T07:57:55","date_gmt":"2020-09-29T07:57:55","guid":{"rendered":"http:\/\/centralmedia.rs\/?p=25196"},"modified":"2020-10-05T11:33:22","modified_gmt":"2020-10-05T11:33:22","slug":"ak-nasa-krila-iz-paracina-u-vrhu-srpskog-vazduhoplovstva","status":"publish","type":"post","link":"https:\/\/centralmedia.rs\/index.php\/2020\/09\/29\/ak-nasa-krila-iz-paracina-u-vrhu-srpskog-vazduhoplovstva\/","title":{"rendered":"AK ,,NA\u0160A KRILA&#8221; IZ PARA\u0106INA U VRHU SRPSKOG VAZDUHOPLOVSTVA"},"content":{"rendered":"<p>PARA\u0106IN- Aleksandar Godi\u0107 i Tomislav \u0160aleti\u0107 iz Aero kluba \u201eNa\u0161a krila\u201c iz Para\u0107ina osvojili su prvo i drugo mesto u op\u0161toj avijaciji disciplina precizno letenje. Oni su najbolji piloti 25. Prvenstva motornih pilota Srbije u preciznom letenju koje je odr\u017eano na aerodromu \u201eBikovo\u201c kod Subotice u organizaciji Aero kluba \u201eIvan Sari\u0107\u201c iz Subotice i Vazduhoplovnog saveza Srbije.<\/p>\n<div id='gallery-1' class='gallery galleryid-25196 gallery-columns-3 gallery-size-thumbnail'><figure class='gallery-item'>\n\t\t\t<div class='gallery-icon landscape'>\n\t\t\t\t<a href='https:\/\/centralmedia.rs\/index.php\/2020\/09\/29\/ak-nasa-krila-iz-paracina-u-vrhu-srpskog-vazduhoplovstva\/nasa-krila-3\/'><img loading=\"lazy\" decoding=\"async\" width=\"150\" height=\"150\" src=\"https:\/\/centralmedia.rs\/wp-content\/uploads\/2020\/09\/nasa-krila-3-150x150.jpg\" class=\"attachment-thumbnail size-thumbnail\" alt=\"\" \/><\/a>\n\t\t\t<\/div><\/figure><figure class='gallery-item'>\n\t\t\t<div class='gallery-icon portrait'>\n\t\t\t\t<a href='https:\/\/centralmedia.rs\/index.php\/2020\/09\/29\/ak-nasa-krila-iz-paracina-u-vrhu-srpskog-vazduhoplovstva\/nasa-krila-2\/'><img loading=\"lazy\" decoding=\"async\" width=\"150\" height=\"150\" src=\"https:\/\/centralmedia.rs\/wp-content\/uploads\/2020\/09\/nasa-krila-150x150.jpg\" class=\"attachment-thumbnail size-thumbnail\" alt=\"\" \/><\/a>\n\t\t\t<\/div><\/figure><figure class='gallery-item'>\n\t\t\t<div class='gallery-icon landscape'>\n\t\t\t\t<a href='https:\/\/centralmedia.rs\/index.php\/2020\/09\/29\/ak-nasa-krila-iz-paracina-u-vrhu-srpskog-vazduhoplovstva\/nasa-krila4\/'><img loading=\"lazy\" decoding=\"async\" width=\"150\" height=\"150\" src=\"https:\/\/centralmedia.rs\/wp-content\/uploads\/2020\/09\/nasa-krila4-150x150.jpg\" class=\"attachment-thumbnail size-thumbnail\" alt=\"\" \/><\/a>\n\t\t\t<\/div><\/figure>\n\t\t<\/div>\n\n<p>Padobranci AK ,,Na\u0161a krila&#8221; tako\u0111e su bili uspe\u0161ni na 66. Otvorenom padobranskom prvenstvu Srbije u disiplini skokovi na cilj sa 1000 metara u konkurenciji 8 ekipa i 36 takmi\u010dara. U konkurenciji seniora tre\u0107e mesto osvojili su Svetlana Simi\u0107 i ekipa ,,Para\u0107in 1&#8221; u sastavu Obradovi\u0107 Dragan, Borislav Iveti\u0107, Nikola Cvetkovi\u0107, Miroljub Jani\u0107ijevi\u0107 i Svetlana Simi\u0107, dok je sedma bila ekipa ,,Para\u0107in 2&#8221; u sastavu Stefan \u017divkovi\u0107, Du\u0161an Luki\u0107, Sara Luki\u0107 i Hranislav Mici\u0107. U konkurenciji juniora Stefan \u017divkovi\u0107 osvojio je drugo mesto, a tre\u0107e Du\u0161an Luki\u0107. Najmla\u0111i takmi\u010dar na ovom takmi\u010denju je bila \u010dlanica AK&#8221;Na\u0161a Krila&#8221; Para\u0107in Sara Luki\u0107, junior.<\/p>\n<p>Foto: Vazduhoplovni Savez Srbije<\/p>\n","protected":false},"excerpt":{"rendered":"<p>PARA\u0106IN- Aleksandar Godi\u0107 i Tomislav \u0160aleti\u0107 iz Aero kluba \u201eNa\u0161a krila\u201c iz Para\u0107ina osvojili su prvo i drugo mesto u op\u0161toj avijaciji disciplina precizno letenje. &hellip; <\/p>\n","protected":false},"author":2,"featured_media":25197,"comment_status":"open","ping_status":"open","sticky":false,"template":"","format":"standard","meta":{"footnotes":""},"categories":[1524,2,1516,887,21,12],"tags":[4864,156],"_links":{"self":[{"href":"https:\/\/centralmedia.rs\/index.php\/wp-json\/wp\/v2\/posts\/25196"}],"collection":[{"href":"https:\/\/centralmedia.rs\/index.php\/wp-json\/wp\/v2\/posts"}],"about":[{"href":"https:\/\/centralmedia.rs\/index.php\/wp-json\/wp\/v2\/types\/post"}],"author":[{"embeddable":true,"href":"https:\/\/centralmedia.rs\/index.php\/wp-json\/wp\/v2\/users\/2"}],"replies":[{"embeddable":true,"href":"https:\/\/centralmedia.rs\/index.php\/wp-json\/wp\/v2\/comments?post=25196"}],"version-history":[{"count":1,"href":"https:\/\/centralmedia.rs\/index.php\/wp-json\/wp\/v2\/posts\/25196\/revisions"}],"predecessor-version":[{"id":25200,"href":"https:\/\/centralmedia.rs\/index.php\/wp-json\/wp\/v2\/posts\/25196\/revisions\/25200"}],"wp:featuredmedia":[{"embeddable":true,"href":"https:\/\/centralmedia.rs\/index.php\/wp-json\/wp\/v2\/media\/25197"}],"wp:attachment":[{"href":"https:\/\/centralmedia.rs\/index.php\/wp-json\/wp\/v2\/media?parent=25196"}],"wp:term":[{"taxonomy":"category","embeddable":true,"href":"https:\/\/centralmedia.rs\/index.php\/wp-json\/wp\/v2\/categories?post=25196"},{"taxonomy":"post_tag","embeddable":true,"href":"https:\/\/centralmedia.rs\/index.php\/wp-json\/wp\/v2\/tags?post=25196"}],"curies":[{"name":"wp","href":"https:\/\/api.w.org\/{rel}","templated":true}]}}