{"id":25203,"date":"2020-09-29T08:21:42","date_gmt":"2020-09-29T08:21:42","guid":{"rendered":"http:\/\/centralmedia.rs\/?p=25203"},"modified":"2020-10-05T11:33:40","modified_gmt":"2020-10-05T11:33:40","slug":"otvaranje-izlozbe-svilajnac-leti-2020","status":"publish","type":"post","link":"https:\/\/centralmedia.rs\/index.php\/2020\/09\/29\/otvaranje-izlozbe-svilajnac-leti-2020\/","title":{"rendered":"OTVARANJE IZLO\u017dBE \u201eSVILAJNAC LETI 2020\u201c"},"content":{"rendered":"<p>SVILAJNAC- U Centru za kulturu u Svilajncu u petak u 19 sati bi\u0107e otvorena izlo\u017eba ,,Svilajnac leti 2020\u201d. Foto-konkurs \u201eSvilajnac leti 2020\u201c trajao je od 17. jula do 18. septembra. Bi\u0107e predstavljeni radovi 47 autora sa 61 fotografijom, izlo\u017ebi \u0107e biti otvorena do 30. oktobra. Konkurs je pokrenut sa idejom da promovi\u0161e lepote na\u0161e Op\u0161tine i da na kreativan i zabavan na\u010din motivi\u0161e Svilajn\u010dane da svoju pa\u017enju usmere na okolinu u kojoj \u017eive. U neobi\u010dnim okolnostima leta 2020. stvorena je razglednica Svilajnca koju su kreirali oni koji ga najbolje poznaju i najvi\u0161e vole \u2013 Svilajn\u010dani. Svakog petka izabranih pet fotografija objavljivane su na fejsbuk stranici Centra za kulturu Svilajnac u albumu &#8220;Onlajn galerija petkom&#8221;.<\/p>\n<p>&nbsp;<\/p>\n","protected":false},"excerpt":{"rendered":"<p>SVILAJNAC- U Centru za kulturu u Svilajncu u petak u 19 sati bi\u0107e otvorena izlo\u017eba ,,Svilajnac leti 2020\u201d. Foto-konkurs \u201eSvilajnac leti 2020\u201c trajao je od &hellip; <\/p>\n","protected":false},"author":2,"featured_media":25204,"comment_status":"open","ping_status":"open","sticky":false,"template":"","format":"standard","meta":{"footnotes":""},"categories":[1524,2,15,887,12,1517],"tags":[4866,649,38],"_links":{"self":[{"href":"https:\/\/centralmedia.rs\/index.php\/wp-json\/wp\/v2\/posts\/25203"}],"collection":[{"href":"https:\/\/centralmedia.rs\/index.php\/wp-json\/wp\/v2\/posts"}],"about":[{"href":"https:\/\/centralmedia.rs\/index.php\/wp-json\/wp\/v2\/types\/post"}],"author":[{"embeddable":true,"href":"https:\/\/centralmedia.rs\/index.php\/wp-json\/wp\/v2\/users\/2"}],"replies":[{"embeddable":true,"href":"https:\/\/centralmedia.rs\/index.php\/wp-json\/wp\/v2\/comments?post=25203"}],"version-history":[{"count":1,"href":"https:\/\/centralmedia.rs\/index.php\/wp-json\/wp\/v2\/posts\/25203\/revisions"}],"predecessor-version":[{"id":25205,"href":"https:\/\/centralmedia.rs\/index.php\/wp-json\/wp\/v2\/posts\/25203\/revisions\/25205"}],"wp:featuredmedia":[{"embeddable":true,"href":"https:\/\/centralmedia.rs\/index.php\/wp-json\/wp\/v2\/media\/25204"}],"wp:attachment":[{"href":"https:\/\/centralmedia.rs\/index.php\/wp-json\/wp\/v2\/media?parent=25203"}],"wp:term":[{"taxonomy":"category","embeddable":true,"href":"https:\/\/centralmedia.rs\/index.php\/wp-json\/wp\/v2\/categories?post=25203"},{"taxonomy":"post_tag","embeddable":true,"href":"https:\/\/centralmedia.rs\/index.php\/wp-json\/wp\/v2\/tags?post=25203"}],"curies":[{"name":"wp","href":"https:\/\/api.w.org\/{rel}","templated":true}]}}