{"id":25206,"date":"2020-09-29T08:24:22","date_gmt":"2020-09-29T08:24:22","guid":{"rendered":"http:\/\/centralmedia.rs\/?p=25206"},"modified":"2020-10-05T11:33:46","modified_gmt":"2020-10-05T11:33:46","slug":"senzorna-soba-u-svilajncu","status":"publish","type":"post","link":"https:\/\/centralmedia.rs\/index.php\/2020\/09\/29\/senzorna-soba-u-svilajncu\/","title":{"rendered":"SENZORNA SOBA U SVILAJNCU"},"content":{"rendered":"<p>SVILAJNAC- Op\u0161tina Svilajnac u saradnji sa Centrom za brigu o porodici &#8220;SVILAJNAC&#8221; sprovodi projekat &#8220;Pobolj\u0161anje terapijskih usluga za decu i mlade sa pote\u0161ko\u0107ama u razvoju na teritoriji op\u0161tine Svilajnac&#8221; koji se realizuje u okviru programa &#8220;Podr\u0161ka Vlade \u0160vajcarske razvoju op\u0161tina kroz unapredjenje dobrog upravljanja i socijalne uklju\u010denosti &#8211; Swisspro program , koji podr\u017eava Vlada \u0160vajcarske, a sprovodi Kancelarija za Ujedinjene nacije za projektne usluge u partnerstvu sa Stalnom konferencijom gradova i op\u0161tina.<\/p>\n<p>Projekat ima za cilj pove\u0107anje dostupnosti i kvaliteta usluga socijalne za\u0161tite za decu i mlade od 4 do 26 godina starosti sa te\u0161ko\u0107ama u razvoju.<\/p>\n<p>Ovim projektom se dosada\u0161nji savetodavno-terapijski rad, koji se realizuje u prostorijama Centra za brigu o porodici, unapredjuje postavljanjem asistivne opreme za senzornu sobu. Senzorna soba je namenjena radu sa decom i mladima sa smetnjama u razvoju, pre svega sa decom iz autisti\u010dnog spektra, decom sa senzornim o\u0161te\u0107enjima, smetnjama u mentalnom i govorno- jezi\u010dkom razvoju, smetnjama u u\u010denju i problemima u pona\u0161anju.<\/p>\n<p>Obu\u010deni terapeuti, logoped, psiholog i fizioterapeut, sprovode tretman kroz igru, a sve u cilju razvijanja senzornih ve\u0161tina potrebnih za \u017eivot. Smiruju\u0107a atmosfera kroz svetlosne i zvu\u010dne efekte, korisnicima omogu\u0107ava pobolj\u0161anje koordinacije pokreta, deluje opu\u0161taju\u0107e na decu koja su stalno u pokretu ili imaju burne reakcije na spolja\u0161nje okru\u017eenje, dok usmerava pa\u017enju neaktivne dece i pobolj\u0161ava koncentraciju u u\u010denju.<\/p>\n<p>&#8220;Centar u saradnji sa Centrom za socijalni rad &#8220;Svilajnac&#8221; ve\u0107 poseduje bazu podataka dece i mladih sa pote\u0161ko\u0107ama u razvoju, ali ovim putem bih pozvala i roditelje dece koji nisu korisnici usluga, a smatraju da im mo\u017ee biti od koristi, da se jave u prostorije Centra za brigu o porodici i nakon po\u010detne procene uklju\u010de decu kojoj je potrebna dodatna podr\u0161ka uz terapijske usluge&#8221;, izjavila je Ivana Petrovi\u0107, direktor Centra za brigu o porodici &#8220;SVILAJNAC&#8221;.<\/p>\n<p>&nbsp;<\/p>\n<p>&nbsp;<\/p>\n","protected":false},"excerpt":{"rendered":"<p>SVILAJNAC- Op\u0161tina Svilajnac u saradnji sa Centrom za brigu o porodici &#8220;SVILAJNAC&#8221; sprovodi projekat &#8220;Pobolj\u0161anje terapijskih usluga za decu i mlade sa pote\u0161ko\u0107ama u razvoju &hellip; <\/p>\n","protected":false},"author":2,"featured_media":25207,"comment_status":"open","ping_status":"open","sticky":false,"template":"","format":"standard","meta":{"footnotes":""},"categories":[28,1524,2,887,12,1517],"tags":[4867,38],"_links":{"self":[{"href":"https:\/\/centralmedia.rs\/index.php\/wp-json\/wp\/v2\/posts\/25206"}],"collection":[{"href":"https:\/\/centralmedia.rs\/index.php\/wp-json\/wp\/v2\/posts"}],"about":[{"href":"https:\/\/centralmedia.rs\/index.php\/wp-json\/wp\/v2\/types\/post"}],"author":[{"embeddable":true,"href":"https:\/\/centralmedia.rs\/index.php\/wp-json\/wp\/v2\/users\/2"}],"replies":[{"embeddable":true,"href":"https:\/\/centralmedia.rs\/index.php\/wp-json\/wp\/v2\/comments?post=25206"}],"version-history":[{"count":1,"href":"https:\/\/centralmedia.rs\/index.php\/wp-json\/wp\/v2\/posts\/25206\/revisions"}],"predecessor-version":[{"id":25208,"href":"https:\/\/centralmedia.rs\/index.php\/wp-json\/wp\/v2\/posts\/25206\/revisions\/25208"}],"wp:featuredmedia":[{"embeddable":true,"href":"https:\/\/centralmedia.rs\/index.php\/wp-json\/wp\/v2\/media\/25207"}],"wp:attachment":[{"href":"https:\/\/centralmedia.rs\/index.php\/wp-json\/wp\/v2\/media?parent=25206"}],"wp:term":[{"taxonomy":"category","embeddable":true,"href":"https:\/\/centralmedia.rs\/index.php\/wp-json\/wp\/v2\/categories?post=25206"},{"taxonomy":"post_tag","embeddable":true,"href":"https:\/\/centralmedia.rs\/index.php\/wp-json\/wp\/v2\/tags?post=25206"}],"curies":[{"name":"wp","href":"https:\/\/api.w.org\/{rel}","templated":true}]}}