{"id":25209,"date":"2020-09-30T11:47:14","date_gmt":"2020-09-30T11:47:14","guid":{"rendered":"http:\/\/centralmedia.rs\/?p=25209"},"modified":"2020-10-05T11:24:45","modified_gmt":"2020-10-05T11:24:45","slug":"vinska-promenada-2020-u-subotu","status":"publish","type":"post","link":"https:\/\/centralmedia.rs\/index.php\/2020\/09\/30\/vinska-promenada-2020-u-subotu\/","title":{"rendered":"VINSKA PROMENADA 2020. U SUBOTU"},"content":{"rendered":"<p>PARA\u0106IN- Zbog korone u izmenjenom terminu bi\u0107e odr\u017eana Vinska promenada 2020. na \u0161etali\u0161tu pored reke Crnice u Donjem parku u Para\u0107inu. Promenadu organizuju Turisti\u010dka organizacija i Vinski vite\u0161ki red ,,Steva Pisar&#8221; u subotu od 17 do 22.30. Oko 20 vinarija iz iz reona Tri Morave predstavi\u0107e svoja vina.<\/p>\n<p><img loading=\"lazy\" decoding=\"async\" class=\"alignnone wp-image-25211 size-full\" src=\"http:\/\/centralmedia.rs\/wp-content\/uploads\/2020\/09\/promenada1.jpg\" alt=\"\" width=\"526\" height=\"781\" srcset=\"https:\/\/centralmedia.rs\/wp-content\/uploads\/2020\/09\/promenada1.jpg 526w, https:\/\/centralmedia.rs\/wp-content\/uploads\/2020\/09\/promenada1-202x300.jpg 202w, https:\/\/centralmedia.rs\/wp-content\/uploads\/2020\/09\/promenada1-283x420.jpg 283w\" sizes=\"(max-width: 526px) 100vw, 526px\" \/><\/p>\n","protected":false},"excerpt":{"rendered":"<p>PARA\u0106IN- Zbog korone u izmenjenom terminu bi\u0107e odr\u017eana Vinska promenada 2020. na \u0161etali\u0161tu pored reke Crnice u Donjem parku u Para\u0107inu. Promenadu organizuju Turisti\u010dka organizacija &hellip; <\/p>\n","protected":false},"author":2,"featured_media":25210,"comment_status":"open","ping_status":"open","sticky":false,"template":"","format":"standard","meta":{"footnotes":""},"categories":[1524,2,23,1516,887,3054],"tags":[156,4868,3964],"_links":{"self":[{"href":"https:\/\/centralmedia.rs\/index.php\/wp-json\/wp\/v2\/posts\/25209"}],"collection":[{"href":"https:\/\/centralmedia.rs\/index.php\/wp-json\/wp\/v2\/posts"}],"about":[{"href":"https:\/\/centralmedia.rs\/index.php\/wp-json\/wp\/v2\/types\/post"}],"author":[{"embeddable":true,"href":"https:\/\/centralmedia.rs\/index.php\/wp-json\/wp\/v2\/users\/2"}],"replies":[{"embeddable":true,"href":"https:\/\/centralmedia.rs\/index.php\/wp-json\/wp\/v2\/comments?post=25209"}],"version-history":[{"count":2,"href":"https:\/\/centralmedia.rs\/index.php\/wp-json\/wp\/v2\/posts\/25209\/revisions"}],"predecessor-version":[{"id":25213,"href":"https:\/\/centralmedia.rs\/index.php\/wp-json\/wp\/v2\/posts\/25209\/revisions\/25213"}],"wp:featuredmedia":[{"embeddable":true,"href":"https:\/\/centralmedia.rs\/index.php\/wp-json\/wp\/v2\/media\/25210"}],"wp:attachment":[{"href":"https:\/\/centralmedia.rs\/index.php\/wp-json\/wp\/v2\/media?parent=25209"}],"wp:term":[{"taxonomy":"category","embeddable":true,"href":"https:\/\/centralmedia.rs\/index.php\/wp-json\/wp\/v2\/categories?post=25209"},{"taxonomy":"post_tag","embeddable":true,"href":"https:\/\/centralmedia.rs\/index.php\/wp-json\/wp\/v2\/tags?post=25209"}],"curies":[{"name":"wp","href":"https:\/\/api.w.org\/{rel}","templated":true}]}}