{"id":25223,"date":"2020-09-30T13:40:10","date_gmt":"2020-09-30T13:40:10","guid":{"rendered":"http:\/\/centralmedia.rs\/?p=25223"},"modified":"2020-10-05T11:34:24","modified_gmt":"2020-10-05T11:34:24","slug":"25223","status":"publish","type":"post","link":"https:\/\/centralmedia.rs\/index.php\/2020\/09\/30\/25223\/","title":{"rendered":"NOVA \u0160KOLA U VINORA\u010cI"},"content":{"rendered":"<p>JAGODINA- Prvi potpredsednik Vlade i ministar spoljnih poslova Srbije Ivica Da\u010di\u0107 i predsednik Skup\u0161tine grada Jagodine Dragan Markovi\u0107 Palma otvorili su danas novoizgra\u0111enu osnovnu \u0161kolu u jagodinskom selu Vinora\u010da<\/p>\n<p>DA\u010cI\u0106 : POVE\u0106ANjE NATALITETA MO\u017dDA I NAJVA\u017dNIJE ZA SRBIJU<\/p>\n<p>\u201cPosebno mi je drago \u0161to nas je okupio ovaj lep i plementi povod, kao \u0161to je otvaranje nove \u0161kole. Uvek se odazivam pozivu Jagodine, jer znam kada me pozovete da je to zbog otvaranja nekih novih objekata. Retkost je u Srbiji da ima toliko novotvorenih objekata kao \u0161to je slu\u010daj u Jagodini u poslednjih desetak godina. Otvaranje nove \u0161kole u Jagodini zna\u010di da ima vi\u0161e dece i to je ne\u0161to \u0161to \u0161to je u ovom trenutku mo\u017eda i najva\u017enije za Srbiju, jer Srbiju ne mogu da uni\u0161te razni drugi neprijatelji, ve\u0107 samo mi sami sebe mo\u017eemo da uni\u0161timo svojim nestajanjem. Zato je va\u017eno da ima \u0161to vi\u0161e dece i da otvaramo nove objekte\u201d izjavio je ministar spoljnih poslova Srbije i predsednik SPS &#8211; a Ivica Da\u010di\u0107 na otvaranju novoizgra\u0111ene osnovne \u0161kole u jagodinskom selu Vinora\u010da.<\/p>\n<p>PALMA : \u0160IRIMO \u0160KOLE I PROIZVODNE HALE<\/p>\n<p>\u201cPre 3 meseca sam motorom obi\u0161ao selo Vinora\u010du i video da osnovna \u0161kola nije onakva kakav treba da bude i kako mi, koji vodimo ovaj grad 17 godina, volimo da izgleda. I po\u010deli smo radove. Danas mogu slobodno da vam ka\u017eem da je ovo jedna od najlep\u0161ih \u0161kola izgra\u0111enih u Srbiji u novije vreme. Poznato je da se na teritoriji grada Jagodine vi\u0161e dece ra\u0111a i zato \u0161irimo \u0161kole.\u00a0Ne\u0107u biti ministar. Ministarsku funkciju su mi nudili i Boris Tadi\u0107 i Aleksandar Vu\u010di\u0107. Ja sam rekao \u201cne\u0107u da budem ministar, ho\u010du da poka\u017eem onim minstrima koji slabo rade, da mo\u017ee da se radi dobro za Srbiju i kada nisi ministar i ne treba mi funkcija da radim za Srbiju. I moj cilj i cilj Ivice Da\u010di\u0107a nisu funkcije ve\u0107 da Srbija ide napred\u201d, rekao je Markovi\u0107.<\/p>\n<p>Direktor osnovne \u0161kole \u201cBo\u0161ko \u0110uri\u010di\u0107\u201d, Zoran Markovi\u0107, kojoj pripada i nova \u0161kola u Vinora\u010di, rekao je da je ta \u0161kola u poslednjih 5 godina brojnija za 7 odeljenja \u0111aka. Novi osnovna \u0161kola u Vinora\u010di kraj Jagodine ima letnju u\u010dionicu, zelene povr\u0161ine, igraonicu za decu i sportsko igrali\u0161te i sve je ko\u0161talo 26 000 000 dinara, a ceo iznos finansirala je jagodinska lokalna samouprava.<\/p>\n","protected":false},"excerpt":{"rendered":"<p>JAGODINA- Prvi potpredsednik Vlade i ministar spoljnih poslova Srbije Ivica Da\u010di\u0107 i predsednik Skup\u0161tine grada Jagodine Dragan Markovi\u0107 Palma otvorili su danas novoizgra\u0111enu osnovnu \u0161kolu &hellip; <\/p>\n","protected":false},"author":2,"featured_media":25224,"comment_status":"open","ping_status":"open","sticky":false,"template":"","format":"standard","meta":{"footnotes":""},"categories":[1524,2,1514,13,12],"tags":[58,497,1338],"_links":{"self":[{"href":"https:\/\/centralmedia.rs\/index.php\/wp-json\/wp\/v2\/posts\/25223"}],"collection":[{"href":"https:\/\/centralmedia.rs\/index.php\/wp-json\/wp\/v2\/posts"}],"about":[{"href":"https:\/\/centralmedia.rs\/index.php\/wp-json\/wp\/v2\/types\/post"}],"author":[{"embeddable":true,"href":"https:\/\/centralmedia.rs\/index.php\/wp-json\/wp\/v2\/users\/2"}],"replies":[{"embeddable":true,"href":"https:\/\/centralmedia.rs\/index.php\/wp-json\/wp\/v2\/comments?post=25223"}],"version-history":[{"count":2,"href":"https:\/\/centralmedia.rs\/index.php\/wp-json\/wp\/v2\/posts\/25223\/revisions"}],"predecessor-version":[{"id":25226,"href":"https:\/\/centralmedia.rs\/index.php\/wp-json\/wp\/v2\/posts\/25223\/revisions\/25226"}],"wp:featuredmedia":[{"embeddable":true,"href":"https:\/\/centralmedia.rs\/index.php\/wp-json\/wp\/v2\/media\/25224"}],"wp:attachment":[{"href":"https:\/\/centralmedia.rs\/index.php\/wp-json\/wp\/v2\/media?parent=25223"}],"wp:term":[{"taxonomy":"category","embeddable":true,"href":"https:\/\/centralmedia.rs\/index.php\/wp-json\/wp\/v2\/categories?post=25223"},{"taxonomy":"post_tag","embeddable":true,"href":"https:\/\/centralmedia.rs\/index.php\/wp-json\/wp\/v2\/tags?post=25223"}],"curies":[{"name":"wp","href":"https:\/\/api.w.org\/{rel}","templated":true}]}}