{"id":25230,"date":"2020-10-05T11:24:08","date_gmt":"2020-10-05T11:24:08","guid":{"rendered":"http:\/\/centralmedia.rs\/?p=25230"},"modified":"2020-10-13T07:39:08","modified_gmt":"2020-10-13T07:39:08","slug":"paracinska-4-vinska-promenada","status":"publish","type":"post","link":"https:\/\/centralmedia.rs\/index.php\/2020\/10\/05\/paracinska-4-vinska-promenada\/","title":{"rendered":"PARA\u0106INSKA 4. VINSKA PROMENADA"},"content":{"rendered":"<p>PARA\u0106IN- U organizaciji Vinskog vite\u0161kog reda ,,Steva Pisar&#8221; i Turisti\u010dke organizacije Para\u0107in odr\u017eana je 4. ,,Vinska promenada&#8221;. Predstavili su se vinari iz vinarskog rejona Tri Morave, odnosno najbolja vina u Pomoravlju. Pored vinara, bili su prisutni proizvo\u0111a\u010di sira. Para\u0107inci organizuju i Salon vina u martu, koji kuplja vinare iz Srbije i okolnih dr\u017eava.<\/p>\n<div id='gallery-1' class='gallery galleryid-25230 gallery-columns-3 gallery-size-full'><figure class='gallery-item'>\n\t\t\t<div class='gallery-icon landscape'>\n\t\t\t\t<a href='https:\/\/centralmedia.rs\/index.php\/2020\/10\/05\/paracinska-4-vinska-promenada\/promenada-3\/'><img loading=\"lazy\" decoding=\"async\" width=\"1440\" height=\"1440\" src=\"https:\/\/centralmedia.rs\/wp-content\/uploads\/2020\/10\/promenada.jpg\" class=\"attachment-full size-full\" alt=\"\" srcset=\"https:\/\/centralmedia.rs\/wp-content\/uploads\/2020\/10\/promenada.jpg 1440w, https:\/\/centralmedia.rs\/wp-content\/uploads\/2020\/10\/promenada-150x150.jpg 150w, https:\/\/centralmedia.rs\/wp-content\/uploads\/2020\/10\/promenada-300x300.jpg 300w, https:\/\/centralmedia.rs\/wp-content\/uploads\/2020\/10\/promenada-768x768.jpg 768w, https:\/\/centralmedia.rs\/wp-content\/uploads\/2020\/10\/promenada-1024x1024.jpg 1024w, https:\/\/centralmedia.rs\/wp-content\/uploads\/2020\/10\/promenada-420x420.jpg 420w, https:\/\/centralmedia.rs\/wp-content\/uploads\/2020\/10\/promenada-640x640.jpg 640w, https:\/\/centralmedia.rs\/wp-content\/uploads\/2020\/10\/promenada-681x681.jpg 681w\" sizes=\"(max-width: 1440px) 100vw, 1440px\" \/><\/a>\n\t\t\t<\/div><\/figure><figure class='gallery-item'>\n\t\t\t<div class='gallery-icon landscape'>\n\t\t\t\t<a href='https:\/\/centralmedia.rs\/index.php\/2020\/10\/05\/paracinska-4-vinska-promenada\/promenada1-2\/'><img loading=\"lazy\" decoding=\"async\" width=\"1440\" height=\"1440\" src=\"https:\/\/centralmedia.rs\/wp-content\/uploads\/2020\/10\/promenada1.jpg\" class=\"attachment-full size-full\" alt=\"\" srcset=\"https:\/\/centralmedia.rs\/wp-content\/uploads\/2020\/10\/promenada1.jpg 1440w, https:\/\/centralmedia.rs\/wp-content\/uploads\/2020\/10\/promenada1-150x150.jpg 150w, https:\/\/centralmedia.rs\/wp-content\/uploads\/2020\/10\/promenada1-300x300.jpg 300w, https:\/\/centralmedia.rs\/wp-content\/uploads\/2020\/10\/promenada1-768x768.jpg 768w, https:\/\/centralmedia.rs\/wp-content\/uploads\/2020\/10\/promenada1-1024x1024.jpg 1024w, https:\/\/centralmedia.rs\/wp-content\/uploads\/2020\/10\/promenada1-420x420.jpg 420w, https:\/\/centralmedia.rs\/wp-content\/uploads\/2020\/10\/promenada1-640x640.jpg 640w, https:\/\/centralmedia.rs\/wp-content\/uploads\/2020\/10\/promenada1-681x681.jpg 681w\" sizes=\"(max-width: 1440px) 100vw, 1440px\" \/><\/a>\n\t\t\t<\/div><\/figure><figure class='gallery-item'>\n\t\t\t<div class='gallery-icon landscape'>\n\t\t\t\t<a href='https:\/\/centralmedia.rs\/index.php\/2020\/10\/05\/paracinska-4-vinska-promenada\/promenada2\/'><img loading=\"lazy\" decoding=\"async\" width=\"960\" height=\"960\" src=\"https:\/\/centralmedia.rs\/wp-content\/uploads\/2020\/10\/promenada2.jpg\" class=\"attachment-full size-full\" alt=\"\" srcset=\"https:\/\/centralmedia.rs\/wp-content\/uploads\/2020\/10\/promenada2.jpg 960w, https:\/\/centralmedia.rs\/wp-content\/uploads\/2020\/10\/promenada2-150x150.jpg 150w, https:\/\/centralmedia.rs\/wp-content\/uploads\/2020\/10\/promenada2-300x300.jpg 300w, https:\/\/centralmedia.rs\/wp-content\/uploads\/2020\/10\/promenada2-768x768.jpg 768w, https:\/\/centralmedia.rs\/wp-content\/uploads\/2020\/10\/promenada2-420x420.jpg 420w, https:\/\/centralmedia.rs\/wp-content\/uploads\/2020\/10\/promenada2-640x640.jpg 640w, https:\/\/centralmedia.rs\/wp-content\/uploads\/2020\/10\/promenada2-681x681.jpg 681w\" sizes=\"(max-width: 960px) 100vw, 960px\" \/><\/a>\n\t\t\t<\/div><\/figure>\n\t\t<\/div>\n\n","protected":false},"excerpt":{"rendered":"<p>PARA\u0106IN- U organizaciji Vinskog vite\u0161kog reda ,,Steva Pisar&#8221; i Turisti\u010dke organizacije Para\u0107in odr\u017eana je 4. ,,Vinska promenada&#8221;. Predstavili su se vinari iz vinarskog rejona Tri &hellip; <\/p>\n","protected":false},"author":2,"featured_media":25231,"comment_status":"open","ping_status":"open","sticky":false,"template":"","format":"standard","meta":{"footnotes":""},"categories":[1524,2,23,1516,887,3054],"tags":[156,3964],"_links":{"self":[{"href":"https:\/\/centralmedia.rs\/index.php\/wp-json\/wp\/v2\/posts\/25230"}],"collection":[{"href":"https:\/\/centralmedia.rs\/index.php\/wp-json\/wp\/v2\/posts"}],"about":[{"href":"https:\/\/centralmedia.rs\/index.php\/wp-json\/wp\/v2\/types\/post"}],"author":[{"embeddable":true,"href":"https:\/\/centralmedia.rs\/index.php\/wp-json\/wp\/v2\/users\/2"}],"replies":[{"embeddable":true,"href":"https:\/\/centralmedia.rs\/index.php\/wp-json\/wp\/v2\/comments?post=25230"}],"version-history":[{"count":2,"href":"https:\/\/centralmedia.rs\/index.php\/wp-json\/wp\/v2\/posts\/25230\/revisions"}],"predecessor-version":[{"id":25240,"href":"https:\/\/centralmedia.rs\/index.php\/wp-json\/wp\/v2\/posts\/25230\/revisions\/25240"}],"wp:featuredmedia":[{"embeddable":true,"href":"https:\/\/centralmedia.rs\/index.php\/wp-json\/wp\/v2\/media\/25231"}],"wp:attachment":[{"href":"https:\/\/centralmedia.rs\/index.php\/wp-json\/wp\/v2\/media?parent=25230"}],"wp:term":[{"taxonomy":"category","embeddable":true,"href":"https:\/\/centralmedia.rs\/index.php\/wp-json\/wp\/v2\/categories?post=25230"},{"taxonomy":"post_tag","embeddable":true,"href":"https:\/\/centralmedia.rs\/index.php\/wp-json\/wp\/v2\/tags?post=25230"}],"curies":[{"name":"wp","href":"https:\/\/api.w.org\/{rel}","templated":true}]}}