{"id":25243,"date":"2020-10-06T08:49:47","date_gmt":"2020-10-06T08:49:47","guid":{"rendered":"http:\/\/centralmedia.rs\/?p=25243"},"modified":"2020-10-13T07:39:55","modified_gmt":"2020-10-13T07:39:55","slug":"paracinci-porucili-trapmu-sviraj-to-ponovo-sem","status":"publish","type":"post","link":"https:\/\/centralmedia.rs\/index.php\/2020\/10\/06\/paracinci-porucili-trapmu-sviraj-to-ponovo-sem\/","title":{"rendered":"PARA\u0106INCI PORU\u010cILI TRAPMU ,,SVIRAJ TO PONOVO SEM&#8221;"},"content":{"rendered":"<p>PARA\u0106IN- Kao i pre \u010detiri godine Alternativni parlament gra\u0111ana iz Para\u0107ina postavio je veliki bilbord od vi\u0161e desetina kvadrata u centru grada kao podr\u0161ku republikanskom kandidatu Donaldu Trapmu na predsedni\u010dkim izborima u SAD uz poruku ,,Sviraj to ponovo Sem&#8221; iz kultnog filma Kazablanka. Para\u0107inci su pre \u010detiri godine predvideli Trampovu pobedu nad Hilari Klinton uz natpis na bilbordu ,,,Lav protiv zmije&#8221;. Gra\u0111ani Para\u0107ina sada pozivaju sve Srbe sa pravom glasa u SAD da podr\u017ee Trampa.<\/p>\n<p>-Podr\u017eavamo samo mi\u0161ljenje gra\u0111ana i njihovu podr\u0161ku Trampu. Pokazalo se da je Trampova administracija apsolutno bolja za interese Srba i Srbije. Bajden je apsolutni srbomrzac i jedan od najzaslu\u017enijih demokrata za sve \u0161to se proteklih decenija lo\u0161e doga\u0111alo Srbima na ovim prostorima. Tramp nije militantan,povla\u010di se iz Nato \u00a0nije preduzeo ni jednu lo\u0161u aktivnost protiv Srba i Srbije, ka\u017ee predsednik Alternativnog parlamenta gra\u0111ana Milan Ili\u0107.<\/p>\n<div id='gallery-1' class='gallery galleryid-25243 gallery-columns-5 gallery-size-thumbnail'><figure class='gallery-item'>\n\t\t\t<div class='gallery-icon portrait'>\n\t\t\t\t<a href='https:\/\/centralmedia.rs\/index.php\/2020\/10\/06\/paracinci-porucili-trapmu-sviraj-to-ponovo-sem\/tramp2\/'><img loading=\"lazy\" decoding=\"async\" width=\"150\" height=\"150\" src=\"https:\/\/centralmedia.rs\/wp-content\/uploads\/2020\/10\/tramp2-150x150.jpg\" class=\"attachment-thumbnail size-thumbnail\" alt=\"\" \/><\/a>\n\t\t\t<\/div><\/figure><figure class='gallery-item'>\n\t\t\t<div class='gallery-icon portrait'>\n\t\t\t\t<a href='https:\/\/centralmedia.rs\/index.php\/2020\/10\/06\/paracinci-porucili-trapmu-sviraj-to-ponovo-sem\/tramp1\/'><img loading=\"lazy\" decoding=\"async\" width=\"150\" height=\"150\" src=\"https:\/\/centralmedia.rs\/wp-content\/uploads\/2020\/10\/tramp1-150x150.jpg\" class=\"attachment-thumbnail size-thumbnail\" alt=\"\" \/><\/a>\n\t\t\t<\/div><\/figure><figure class='gallery-item'>\n\t\t\t<div class='gallery-icon portrait'>\n\t\t\t\t<a href='https:\/\/centralmedia.rs\/index.php\/2020\/10\/06\/paracinci-porucili-trapmu-sviraj-to-ponovo-sem\/tramp-2\/'><img loading=\"lazy\" decoding=\"async\" width=\"150\" height=\"150\" src=\"https:\/\/centralmedia.rs\/wp-content\/uploads\/2020\/10\/tramp-150x150.jpg\" class=\"attachment-thumbnail size-thumbnail\" alt=\"\" \/><\/a>\n\t\t\t<\/div><\/figure><figure class='gallery-item'>\n\t\t\t<div class='gallery-icon landscape'>\n\t\t\t\t<a href='https:\/\/centralmedia.rs\/index.php\/2016\/10\/25\/paracinci-podrzavaju-trampa\/tramp-paracin-g-j\/'><img loading=\"lazy\" decoding=\"async\" width=\"150\" height=\"150\" src=\"https:\/\/centralmedia.rs\/wp-content\/uploads\/2016\/10\/TRAMP-PARACIN-G.J.-150x150.jpg\" class=\"attachment-thumbnail size-thumbnail\" alt=\"\" \/><\/a>\n\t\t\t<\/div><\/figure><figure class='gallery-item'>\n\t\t\t<div class='gallery-icon portrait'>\n\t\t\t\t<a href='https:\/\/centralmedia.rs\/index.php\/2016\/10\/25\/paracinci-podrzavaju-trampa\/tramp-1-paracin-g-j\/'><img loading=\"lazy\" decoding=\"async\" width=\"150\" height=\"150\" src=\"https:\/\/centralmedia.rs\/wp-content\/uploads\/2016\/10\/TRAMP-1-PARACIN-G.J.-150x150.jpg\" class=\"attachment-thumbnail size-thumbnail\" alt=\"\" \/><\/a>\n\t\t\t<\/div><\/figure>\n\t\t<\/div>\n\n<p>No\u0107as sam razgovarao sa Srbima u Los An\u0111elesu i oni podr\u017eavaju Trampa, svi glasaju za njega i\u00a0 to je potencijal od nekoliko miliona glasova. Ka\u017eu da su Srbi 100 procenata za Trampa, ali je u toku nepravedna kampanja u medijima i 95 odsto objava je protiv Trampa. On je nezavistan od mo\u0107nih finansijskih lobija, zato nije omiljen u medijima, jer njemu politika je nije motiv da bi zaradio jo\u0161 vi\u0161e i profit. Nema ni jednu finansijsku aferu. Srbi sa Trampom imaju perspektivu i budu\u0107nost, zaklu\u010dio je Ili\u0107<\/p>\n","protected":false},"excerpt":{"rendered":"<p>PARA\u0106IN- Kao i pre \u010detiri godine Alternativni parlament gra\u0111ana iz Para\u0107ina postavio je veliki bilbord od vi\u0161e desetina kvadrata u centru grada kao podr\u0161ku republikanskom &hellip; <\/p>\n","protected":false},"author":2,"featured_media":25244,"comment_status":"open","ping_status":"open","sticky":false,"template":"","format":"standard","meta":{"footnotes":""},"categories":[1524,2,1516,13,887,12],"tags":[156,332,1353],"_links":{"self":[{"href":"https:\/\/centralmedia.rs\/index.php\/wp-json\/wp\/v2\/posts\/25243"}],"collection":[{"href":"https:\/\/centralmedia.rs\/index.php\/wp-json\/wp\/v2\/posts"}],"about":[{"href":"https:\/\/centralmedia.rs\/index.php\/wp-json\/wp\/v2\/types\/post"}],"author":[{"embeddable":true,"href":"https:\/\/centralmedia.rs\/index.php\/wp-json\/wp\/v2\/users\/2"}],"replies":[{"embeddable":true,"href":"https:\/\/centralmedia.rs\/index.php\/wp-json\/wp\/v2\/comments?post=25243"}],"version-history":[{"count":1,"href":"https:\/\/centralmedia.rs\/index.php\/wp-json\/wp\/v2\/posts\/25243\/revisions"}],"predecessor-version":[{"id":25248,"href":"https:\/\/centralmedia.rs\/index.php\/wp-json\/wp\/v2\/posts\/25243\/revisions\/25248"}],"wp:featuredmedia":[{"embeddable":true,"href":"https:\/\/centralmedia.rs\/index.php\/wp-json\/wp\/v2\/media\/25244"}],"wp:attachment":[{"href":"https:\/\/centralmedia.rs\/index.php\/wp-json\/wp\/v2\/media?parent=25243"}],"wp:term":[{"taxonomy":"category","embeddable":true,"href":"https:\/\/centralmedia.rs\/index.php\/wp-json\/wp\/v2\/categories?post=25243"},{"taxonomy":"post_tag","embeddable":true,"href":"https:\/\/centralmedia.rs\/index.php\/wp-json\/wp\/v2\/tags?post=25243"}],"curies":[{"name":"wp","href":"https:\/\/api.w.org\/{rel}","templated":true}]}}