{"id":25267,"date":"2020-10-08T15:50:07","date_gmt":"2020-10-08T15:50:07","guid":{"rendered":"http:\/\/centralmedia.rs\/?p=25267"},"modified":"2020-10-13T07:40:57","modified_gmt":"2020-10-13T07:40:57","slug":"program-obelezavanja-dana-opstine-cuprija","status":"publish","type":"post","link":"https:\/\/centralmedia.rs\/index.php\/2020\/10\/08\/program-obelezavanja-dana-opstine-cuprija\/","title":{"rendered":"PROGRAM OBELE\u017dAVANJA DANA OP\u0160TINE \u0106UPRIJA"},"content":{"rendered":"<p>\u0106UPRIJA- Obele\u017eavanje Dana Op\u0161tine \u0106uprija po\u010dinje \u00a0u subotu u 19 sati izlo\u017ebom slika pod nazivom \u201eKontinuitet u umetni\u010dkom stvarala\u0161tvu Milana Konjovi\u0107a\u201c koja \u0107e biti otvorena u Muzeju Horeum Margi Ravno. U nedelju u 17 sati bi\u0107e promovisana monografije \u201eZnameniti \u0106upri\u010dani do polovine 20. veka\u201c u parku kod 1. Mesne zajednice. Tradicionalna 75. uli\u010dna trka \u201eMemorijal Aleksandra Petrovi\u0107a\u201c bi\u0107e odr\u017eana u ponedeljak u 16.30. U utorak u 11.30 na gradskom trgu kod spomenika palim borcima NOB bi\u0107e polo\u017eeni venci i odate dr\u017eavne i vojne po\u010dasti. Sve\u010dana sednica bi\u0107e odr\u017eana u 12 sati u sali Muzi\u010dke \u0161kole \u201eDu\u0161an Skovran\u201c, \u00a0u 20 sati je pozori\u0161na predstava Beogradskog dramskog pozori\u0161ta ,,Sumrak bogova\u201d u re\u017eiji Jago\u0161a Markovi\u0107a.<\/p>\n<div id='gallery-1' class='gallery galleryid-25267 gallery-columns-3 gallery-size-full'><figure class='gallery-item'>\n\t\t\t<div class='gallery-icon landscape'>\n\t\t\t\t<a href='https:\/\/centralmedia.rs\/index.php\/2020\/10\/08\/program-obelezavanja-dana-opstine-cuprija\/dan-opstine-2020\/'><img loading=\"lazy\" decoding=\"async\" width=\"1024\" height=\"508\" src=\"https:\/\/centralmedia.rs\/wp-content\/uploads\/2020\/10\/DAN-OPSTINE-2020.jpg\" class=\"attachment-full size-full\" alt=\"\" srcset=\"https:\/\/centralmedia.rs\/wp-content\/uploads\/2020\/10\/DAN-OPSTINE-2020.jpg 1024w, https:\/\/centralmedia.rs\/wp-content\/uploads\/2020\/10\/DAN-OPSTINE-2020-300x149.jpg 300w, https:\/\/centralmedia.rs\/wp-content\/uploads\/2020\/10\/DAN-OPSTINE-2020-768x381.jpg 768w, https:\/\/centralmedia.rs\/wp-content\/uploads\/2020\/10\/DAN-OPSTINE-2020-847x420.jpg 847w, https:\/\/centralmedia.rs\/wp-content\/uploads\/2020\/10\/DAN-OPSTINE-2020-640x318.jpg 640w, https:\/\/centralmedia.rs\/wp-content\/uploads\/2020\/10\/DAN-OPSTINE-2020-681x338.jpg 681w, https:\/\/centralmedia.rs\/wp-content\/uploads\/2020\/10\/DAN-OPSTINE-2020-1021x508.jpg 1021w\" sizes=\"(max-width: 1024px) 100vw, 1024px\" \/><\/a>\n\t\t\t<\/div><\/figure><figure class='gallery-item'>\n\t\t\t<div class='gallery-icon landscape'>\n\t\t\t\t<a href='https:\/\/centralmedia.rs\/index.php\/2020\/10\/08\/program-obelezavanja-dana-opstine-cuprija\/trka-3\/'><img loading=\"lazy\" decoding=\"async\" width=\"2048\" height=\"1024\" src=\"https:\/\/centralmedia.rs\/wp-content\/uploads\/2020\/10\/trka.jpg\" class=\"attachment-full size-full\" alt=\"\" srcset=\"https:\/\/centralmedia.rs\/wp-content\/uploads\/2020\/10\/trka.jpg 2048w, https:\/\/centralmedia.rs\/wp-content\/uploads\/2020\/10\/trka-300x150.jpg 300w, https:\/\/centralmedia.rs\/wp-content\/uploads\/2020\/10\/trka-768x384.jpg 768w, https:\/\/centralmedia.rs\/wp-content\/uploads\/2020\/10\/trka-1024x512.jpg 1024w, https:\/\/centralmedia.rs\/wp-content\/uploads\/2020\/10\/trka-840x420.jpg 840w, https:\/\/centralmedia.rs\/wp-content\/uploads\/2020\/10\/trka-640x320.jpg 640w, https:\/\/centralmedia.rs\/wp-content\/uploads\/2020\/10\/trka-681x341.jpg 681w\" sizes=\"(max-width: 2048px) 100vw, 2048px\" \/><\/a>\n\t\t\t<\/div><\/figure><figure class='gallery-item'>\n\t\t\t<div class='gallery-icon landscape'>\n\t\t\t\t<a href='https:\/\/centralmedia.rs\/index.php\/2020\/10\/08\/program-obelezavanja-dana-opstine-cuprija\/%d0%bf%d0%be%d1%95%d0%b8%d0%b2%d0%bd%d0%b8%d1%86%d0%b0-%d0%ba%d0%be%d0%bd%d1%98%d0%be%d0%b2%d0%b8%d1%9b\/'><img loading=\"lazy\" decoding=\"async\" width=\"2484\" height=\"1184\" src=\"https:\/\/centralmedia.rs\/wp-content\/uploads\/2020\/10\/\u041f\u041e\u0405\u0418\u0412\u041d\u0418\u0426\u0410-\u043a\u043e\u043d\u0458\u043e\u0432\u0438\u045b.jpg\" class=\"attachment-full size-full\" alt=\"\" srcset=\"https:\/\/centralmedia.rs\/wp-content\/uploads\/2020\/10\/\u041f\u041e\u0405\u0418\u0412\u041d\u0418\u0426\u0410-\u043a\u043e\u043d\u0458\u043e\u0432\u0438\u045b.jpg 2484w, https:\/\/centralmedia.rs\/wp-content\/uploads\/2020\/10\/\u041f\u041e\u0405\u0418\u0412\u041d\u0418\u0426\u0410-\u043a\u043e\u043d\u0458\u043e\u0432\u0438\u045b-300x143.jpg 300w, https:\/\/centralmedia.rs\/wp-content\/uploads\/2020\/10\/\u041f\u041e\u0405\u0418\u0412\u041d\u0418\u0426\u0410-\u043a\u043e\u043d\u0458\u043e\u0432\u0438\u045b-768x366.jpg 768w, https:\/\/centralmedia.rs\/wp-content\/uploads\/2020\/10\/\u041f\u041e\u0405\u0418\u0412\u041d\u0418\u0426\u0410-\u043a\u043e\u043d\u0458\u043e\u0432\u0438\u045b-1024x488.jpg 1024w, https:\/\/centralmedia.rs\/wp-content\/uploads\/2020\/10\/\u041f\u041e\u0405\u0418\u0412\u041d\u0418\u0426\u0410-\u043a\u043e\u043d\u0458\u043e\u0432\u0438\u045b-881x420.jpg 881w, https:\/\/centralmedia.rs\/wp-content\/uploads\/2020\/10\/\u041f\u041e\u0405\u0418\u0412\u041d\u0418\u0426\u0410-\u043a\u043e\u043d\u0458\u043e\u0432\u0438\u045b-640x305.jpg 640w, https:\/\/centralmedia.rs\/wp-content\/uploads\/2020\/10\/\u041f\u041e\u0405\u0418\u0412\u041d\u0418\u0426\u0410-\u043a\u043e\u043d\u0458\u043e\u0432\u0438\u045b-681x325.jpg 681w\" sizes=\"(max-width: 2484px) 100vw, 2484px\" \/><\/a>\n\t\t\t<\/div><\/figure>\n\t\t<\/div>\n\n","protected":false},"excerpt":{"rendered":"<p>\u0106UPRIJA- Obele\u017eavanje Dana Op\u0161tine \u0106uprija po\u010dinje \u00a0u subotu u 19 sati izlo\u017ebom slika pod nazivom \u201eKontinuitet u umetni\u010dkom stvarala\u0161tvu Milana Konjovi\u0107a\u201c koja \u0107e biti otvorena &hellip; <\/p>\n","protected":false},"author":2,"featured_media":25268,"comment_status":"open","ping_status":"open","sticky":false,"template":"","format":"standard","meta":{"footnotes":""},"categories":[1515,1524,2,13,12],"tags":[44,2041],"_links":{"self":[{"href":"https:\/\/centralmedia.rs\/index.php\/wp-json\/wp\/v2\/posts\/25267"}],"collection":[{"href":"https:\/\/centralmedia.rs\/index.php\/wp-json\/wp\/v2\/posts"}],"about":[{"href":"https:\/\/centralmedia.rs\/index.php\/wp-json\/wp\/v2\/types\/post"}],"author":[{"embeddable":true,"href":"https:\/\/centralmedia.rs\/index.php\/wp-json\/wp\/v2\/users\/2"}],"replies":[{"embeddable":true,"href":"https:\/\/centralmedia.rs\/index.php\/wp-json\/wp\/v2\/comments?post=25267"}],"version-history":[{"count":1,"href":"https:\/\/centralmedia.rs\/index.php\/wp-json\/wp\/v2\/posts\/25267\/revisions"}],"predecessor-version":[{"id":25272,"href":"https:\/\/centralmedia.rs\/index.php\/wp-json\/wp\/v2\/posts\/25267\/revisions\/25272"}],"wp:featuredmedia":[{"embeddable":true,"href":"https:\/\/centralmedia.rs\/index.php\/wp-json\/wp\/v2\/media\/25268"}],"wp:attachment":[{"href":"https:\/\/centralmedia.rs\/index.php\/wp-json\/wp\/v2\/media?parent=25267"}],"wp:term":[{"taxonomy":"category","embeddable":true,"href":"https:\/\/centralmedia.rs\/index.php\/wp-json\/wp\/v2\/categories?post=25267"},{"taxonomy":"post_tag","embeddable":true,"href":"https:\/\/centralmedia.rs\/index.php\/wp-json\/wp\/v2\/tags?post=25267"}],"curies":[{"name":"wp","href":"https:\/\/api.w.org\/{rel}","templated":true}]}}