{"id":25273,"date":"2020-10-12T06:32:58","date_gmt":"2020-10-12T06:32:58","guid":{"rendered":"http:\/\/centralmedia.rs\/?p=25273"},"modified":"2020-10-21T10:31:52","modified_gmt":"2020-10-21T10:31:52","slug":"svilajnac-neguje-talente","status":"publish","type":"post","link":"https:\/\/centralmedia.rs\/index.php\/2020\/10\/12\/svilajnac-neguje-talente\/","title":{"rendered":"SVILAJNAC NEGUJE TALENTE"},"content":{"rendered":"<p>SVILAJNAC-U sve\u010danom salonu Op\u0161tine Svilajnac u\u010denici \u0161kole za muzi\u010dke talente u \u0106upriji Svilajn\u010danki Stojanki Pe\u0161i\u0107 uru\u010den je lap top, poklon kompanije \u201eAlfa tehniks&#8221;. Op\u0161tina Svilajnac godinama unazad pru\u017ea podr\u0161ku mladim talentima i podsti\u010de privrednike da ih podr\u017ee. Moderan lap top Stojanki je uru\u010dio direktor kompanije Dragoljub Radulovi\u0107, a ovoj prigodnoj sve\u010danosti prisustvovali su predsednik i zamenik predsednika op\u0161tine Svilajnac Predrag Milanovi\u0107 i Dragana Radevi\u0107. Violinistkinja Stojanka Pe\u0161i\u0107 ve\u0107 10 godina se usavr\u0161ava u muzici i na tom putu ima podr\u0161ku lokalne samouprave, kojoj se pridru\u017euju i doma\u0107i privrednici. Ona se zahvalila na poklonu i dosada\u0161njoj podr\u0161ci, te istakla da joj ta saradnja izuzetno zna\u010di u daljem obrazovanju koje \u0107e najverovatnije nastaviti u Novom Sadu.<\/p>\n<div id='gallery-1' class='gallery galleryid-25273 gallery-columns-3 gallery-size-thumbnail'><figure class='gallery-item'>\n\t\t\t<div class='gallery-icon landscape'>\n\t\t\t\t<a href='https:\/\/centralmedia.rs\/index.php\/2020\/10\/12\/svilajnac-neguje-talente\/talenti-4\/'><img loading=\"lazy\" decoding=\"async\" width=\"150\" height=\"150\" src=\"https:\/\/centralmedia.rs\/wp-content\/uploads\/2020\/10\/talenti-150x150.jpg\" class=\"attachment-thumbnail size-thumbnail\" alt=\"\" \/><\/a>\n\t\t\t<\/div><\/figure><figure class='gallery-item'>\n\t\t\t<div class='gallery-icon landscape'>\n\t\t\t\t<a href='https:\/\/centralmedia.rs\/index.php\/2020\/10\/12\/svilajnac-neguje-talente\/talenti1\/'><img loading=\"lazy\" decoding=\"async\" width=\"150\" height=\"150\" src=\"https:\/\/centralmedia.rs\/wp-content\/uploads\/2020\/10\/talenti1-150x150.jpg\" class=\"attachment-thumbnail size-thumbnail\" alt=\"\" \/><\/a>\n\t\t\t<\/div><\/figure><figure class='gallery-item'>\n\t\t\t<div class='gallery-icon landscape'>\n\t\t\t\t<a href='https:\/\/centralmedia.rs\/index.php\/2020\/10\/12\/svilajnac-neguje-talente\/talenti2\/'><img loading=\"lazy\" decoding=\"async\" width=\"150\" height=\"150\" src=\"https:\/\/centralmedia.rs\/wp-content\/uploads\/2020\/10\/talenti2-150x150.jpg\" class=\"attachment-thumbnail size-thumbnail\" alt=\"\" \/><\/a>\n\t\t\t<\/div><\/figure>\n\t\t<\/div>\n\n","protected":false},"excerpt":{"rendered":"<p>SVILAJNAC-U sve\u010danom salonu Op\u0161tine Svilajnac u\u010denici \u0161kole za muzi\u010dke talente u \u0106upriji Svilajn\u010danki Stojanki Pe\u0161i\u0107 uru\u010den je lap top, poklon kompanije \u201eAlfa tehniks&#8221;. Op\u0161tina Svilajnac &hellip; <\/p>\n","protected":false},"author":2,"featured_media":25274,"comment_status":"open","ping_status":"open","sticky":false,"template":"","format":"standard","meta":{"footnotes":""},"categories":[14,1524,2,887,12,1517],"tags":[3312,38,69],"_links":{"self":[{"href":"https:\/\/centralmedia.rs\/index.php\/wp-json\/wp\/v2\/posts\/25273"}],"collection":[{"href":"https:\/\/centralmedia.rs\/index.php\/wp-json\/wp\/v2\/posts"}],"about":[{"href":"https:\/\/centralmedia.rs\/index.php\/wp-json\/wp\/v2\/types\/post"}],"author":[{"embeddable":true,"href":"https:\/\/centralmedia.rs\/index.php\/wp-json\/wp\/v2\/users\/2"}],"replies":[{"embeddable":true,"href":"https:\/\/centralmedia.rs\/index.php\/wp-json\/wp\/v2\/comments?post=25273"}],"version-history":[{"count":1,"href":"https:\/\/centralmedia.rs\/index.php\/wp-json\/wp\/v2\/posts\/25273\/revisions"}],"predecessor-version":[{"id":25277,"href":"https:\/\/centralmedia.rs\/index.php\/wp-json\/wp\/v2\/posts\/25273\/revisions\/25277"}],"wp:featuredmedia":[{"embeddable":true,"href":"https:\/\/centralmedia.rs\/index.php\/wp-json\/wp\/v2\/media\/25274"}],"wp:attachment":[{"href":"https:\/\/centralmedia.rs\/index.php\/wp-json\/wp\/v2\/media?parent=25273"}],"wp:term":[{"taxonomy":"category","embeddable":true,"href":"https:\/\/centralmedia.rs\/index.php\/wp-json\/wp\/v2\/categories?post=25273"},{"taxonomy":"post_tag","embeddable":true,"href":"https:\/\/centralmedia.rs\/index.php\/wp-json\/wp\/v2\/tags?post=25273"}],"curies":[{"name":"wp","href":"https:\/\/api.w.org\/{rel}","templated":true}]}}