{"id":25278,"date":"2020-10-12T06:50:55","date_gmt":"2020-10-12T06:50:55","guid":{"rendered":"http:\/\/centralmedia.rs\/?p=25278"},"modified":"2020-10-21T10:31:58","modified_gmt":"2020-10-21T10:31:58","slug":"izlozba-fotografija-svilajnac-leti-2020","status":"publish","type":"post","link":"https:\/\/centralmedia.rs\/index.php\/2020\/10\/12\/izlozba-fotografija-svilajnac-leti-2020\/","title":{"rendered":"IZLO\u017dBA FOTOGRAFIJA  ,,SVILAJNAC LETI 2020.&#8221;"},"content":{"rendered":"<p>SVILAJNAC-U Centru za kulturu u Sviljancu u toku je izlo\u017eba fotografija sa foto &#8211; konkursa ,,Svilajnac leti 2020&#8243;.Posetioci mogu da pogledaju radove 47 autora i 61 fotografiju. Na ovaj na\u010din Centar za kulturu postao je bogatiji za jednu izvrsnu zbirku fotografija, koje, pored estetskih kvaliteta, imaju jednu vi\u0161u dimenziju &#8211; Svilajnac i motive nastale u gradu fotografisali su oni koji ga najvi\u0161e vole &#8211; Svilajn\u010dani.<\/p>\n<div id='gallery-1' class='gallery galleryid-25278 gallery-columns-3 gallery-size-full'><figure class='gallery-item'>\n\t\t\t<div class='gallery-icon landscape'>\n\t\t\t\t<a href='https:\/\/centralmedia.rs\/index.php\/2020\/10\/12\/izlozba-fotografija-svilajnac-leti-2020\/foto-11\/'><img loading=\"lazy\" decoding=\"async\" width=\"1600\" height=\"737\" src=\"https:\/\/centralmedia.rs\/wp-content\/uploads\/2020\/10\/foto.jpg\" class=\"attachment-full size-full\" alt=\"\" srcset=\"https:\/\/centralmedia.rs\/wp-content\/uploads\/2020\/10\/foto.jpg 1600w, https:\/\/centralmedia.rs\/wp-content\/uploads\/2020\/10\/foto-300x138.jpg 300w, https:\/\/centralmedia.rs\/wp-content\/uploads\/2020\/10\/foto-768x354.jpg 768w, https:\/\/centralmedia.rs\/wp-content\/uploads\/2020\/10\/foto-1024x472.jpg 1024w, https:\/\/centralmedia.rs\/wp-content\/uploads\/2020\/10\/foto-912x420.jpg 912w, https:\/\/centralmedia.rs\/wp-content\/uploads\/2020\/10\/foto-640x295.jpg 640w, https:\/\/centralmedia.rs\/wp-content\/uploads\/2020\/10\/foto-681x314.jpg 681w\" sizes=\"(max-width: 1600px) 100vw, 1600px\" \/><\/a>\n\t\t\t<\/div><\/figure><figure class='gallery-item'>\n\t\t\t<div class='gallery-icon landscape'>\n\t\t\t\t<a href='https:\/\/centralmedia.rs\/index.php\/2020\/10\/12\/izlozba-fotografija-svilajnac-leti-2020\/foto1-2\/'><img loading=\"lazy\" decoding=\"async\" width=\"1600\" height=\"738\" src=\"https:\/\/centralmedia.rs\/wp-content\/uploads\/2020\/10\/foto1.jpg\" class=\"attachment-full size-full\" alt=\"\" srcset=\"https:\/\/centralmedia.rs\/wp-content\/uploads\/2020\/10\/foto1.jpg 1600w, https:\/\/centralmedia.rs\/wp-content\/uploads\/2020\/10\/foto1-300x138.jpg 300w, https:\/\/centralmedia.rs\/wp-content\/uploads\/2020\/10\/foto1-768x354.jpg 768w, https:\/\/centralmedia.rs\/wp-content\/uploads\/2020\/10\/foto1-1024x472.jpg 1024w, https:\/\/centralmedia.rs\/wp-content\/uploads\/2020\/10\/foto1-911x420.jpg 911w, https:\/\/centralmedia.rs\/wp-content\/uploads\/2020\/10\/foto1-640x295.jpg 640w, https:\/\/centralmedia.rs\/wp-content\/uploads\/2020\/10\/foto1-681x314.jpg 681w\" sizes=\"(max-width: 1600px) 100vw, 1600px\" \/><\/a>\n\t\t\t<\/div><\/figure><figure class='gallery-item'>\n\t\t\t<div class='gallery-icon landscape'>\n\t\t\t\t<a href='https:\/\/centralmedia.rs\/index.php\/2020\/10\/12\/izlozba-fotografija-svilajnac-leti-2020\/foto2-2\/'><img loading=\"lazy\" decoding=\"async\" width=\"1600\" height=\"738\" src=\"https:\/\/centralmedia.rs\/wp-content\/uploads\/2020\/10\/foto2.jpg\" class=\"attachment-full size-full\" alt=\"\" srcset=\"https:\/\/centralmedia.rs\/wp-content\/uploads\/2020\/10\/foto2.jpg 1600w, https:\/\/centralmedia.rs\/wp-content\/uploads\/2020\/10\/foto2-300x138.jpg 300w, https:\/\/centralmedia.rs\/wp-content\/uploads\/2020\/10\/foto2-768x354.jpg 768w, https:\/\/centralmedia.rs\/wp-content\/uploads\/2020\/10\/foto2-1024x472.jpg 1024w, https:\/\/centralmedia.rs\/wp-content\/uploads\/2020\/10\/foto2-911x420.jpg 911w, https:\/\/centralmedia.rs\/wp-content\/uploads\/2020\/10\/foto2-640x295.jpg 640w, https:\/\/centralmedia.rs\/wp-content\/uploads\/2020\/10\/foto2-681x314.jpg 681w\" sizes=\"(max-width: 1600px) 100vw, 1600px\" \/><\/a>\n\t\t\t<\/div><\/figure>\n\t\t<\/div>\n\n<p>Izlo\u017eba \u0107e trajati do kraja oktobra, a galerija je otvorena radnim danom od 8 do 20 sati.<\/p>\n","protected":false},"excerpt":{"rendered":"<p>SVILAJNAC-U Centru za kulturu u Sviljancu u toku je izlo\u017eba fotografija sa foto &#8211; konkursa ,,Svilajnac leti 2020&#8243;.Posetioci mogu da pogledaju radove 47 autora i &hellip; <\/p>\n","protected":false},"author":2,"featured_media":25279,"comment_status":"open","ping_status":"open","sticky":false,"template":"","format":"standard","meta":{"footnotes":""},"categories":[1524,2,15,887,12,1517],"tags":[4875,38],"_links":{"self":[{"href":"https:\/\/centralmedia.rs\/index.php\/wp-json\/wp\/v2\/posts\/25278"}],"collection":[{"href":"https:\/\/centralmedia.rs\/index.php\/wp-json\/wp\/v2\/posts"}],"about":[{"href":"https:\/\/centralmedia.rs\/index.php\/wp-json\/wp\/v2\/types\/post"}],"author":[{"embeddable":true,"href":"https:\/\/centralmedia.rs\/index.php\/wp-json\/wp\/v2\/users\/2"}],"replies":[{"embeddable":true,"href":"https:\/\/centralmedia.rs\/index.php\/wp-json\/wp\/v2\/comments?post=25278"}],"version-history":[{"count":1,"href":"https:\/\/centralmedia.rs\/index.php\/wp-json\/wp\/v2\/posts\/25278\/revisions"}],"predecessor-version":[{"id":25283,"href":"https:\/\/centralmedia.rs\/index.php\/wp-json\/wp\/v2\/posts\/25278\/revisions\/25283"}],"wp:featuredmedia":[{"embeddable":true,"href":"https:\/\/centralmedia.rs\/index.php\/wp-json\/wp\/v2\/media\/25279"}],"wp:attachment":[{"href":"https:\/\/centralmedia.rs\/index.php\/wp-json\/wp\/v2\/media?parent=25278"}],"wp:term":[{"taxonomy":"category","embeddable":true,"href":"https:\/\/centralmedia.rs\/index.php\/wp-json\/wp\/v2\/categories?post=25278"},{"taxonomy":"post_tag","embeddable":true,"href":"https:\/\/centralmedia.rs\/index.php\/wp-json\/wp\/v2\/tags?post=25278"}],"curies":[{"name":"wp","href":"https:\/\/api.w.org\/{rel}","templated":true}]}}