{"id":25289,"date":"2020-10-12T14:16:27","date_gmt":"2020-10-12T14:16:27","guid":{"rendered":"http:\/\/centralmedia.rs\/?p=25289"},"modified":"2020-10-12T14:16:27","modified_gmt":"2020-10-12T14:16:27","slug":"izlozba-pravoslavlje-u-paracinu","status":"publish","type":"post","link":"https:\/\/centralmedia.rs\/index.php\/2020\/10\/12\/izlozba-pravoslavlje-u-paracinu\/","title":{"rendered":"Izlo\u017eba \u201ePravoslavlje\u201c u Para\u0107inu"},"content":{"rendered":"<p>PARA\u0106IN- Povodom proslave 800 godina autokefalnosti Srpske pravoslavne crkve Foto savez Srbije priredio je izlo\u017ebu \u201ePravoslavlje\u201c. Posle Beograda, Prijepolja, Zaje\u010dara i Zrenjanina, izlo\u017ebu 117 najboljih fotografija nastalih u periodu od proteklih 40 godina do 2019. godine predstavljena je u Kulturnom centru u Para\u0107inu. Izlo\u017eba fotografija bi\u0107e otovrena jo\u0161 desetak dana. Me\u0111u pedesetak autora iz Srbije i Republike Srpske nalaze se i tri fotografa iz Para\u0107ina. Zoran Purger zastupljen je sa pet, Maja Sto\u0161i\u0107 sa \u010detiri, a Slobodan Simi\u0107 sa tri fotografije.<\/p>\n<p><img loading=\"lazy\" decoding=\"async\" class=\"alignnone wp-image-25291 size-full\" src=\"http:\/\/centralmedia.rs\/wp-content\/uploads\/2020\/10\/pravoslavlje-foto-savez-srbije1.jpg\" alt=\"\" width=\"800\" height=\"534\" srcset=\"https:\/\/centralmedia.rs\/wp-content\/uploads\/2020\/10\/pravoslavlje-foto-savez-srbije1.jpg 800w, https:\/\/centralmedia.rs\/wp-content\/uploads\/2020\/10\/pravoslavlje-foto-savez-srbije1-300x200.jpg 300w, https:\/\/centralmedia.rs\/wp-content\/uploads\/2020\/10\/pravoslavlje-foto-savez-srbije1-768x513.jpg 768w, https:\/\/centralmedia.rs\/wp-content\/uploads\/2020\/10\/pravoslavlje-foto-savez-srbije1-629x420.jpg 629w, https:\/\/centralmedia.rs\/wp-content\/uploads\/2020\/10\/pravoslavlje-foto-savez-srbije1-640x427.jpg 640w, https:\/\/centralmedia.rs\/wp-content\/uploads\/2020\/10\/pravoslavlje-foto-savez-srbije1-681x455.jpg 681w\" sizes=\"(max-width: 800px) 100vw, 800px\" \/><\/p>\n","protected":false},"excerpt":{"rendered":"<p>PARA\u0106IN- Povodom proslave 800 godina autokefalnosti Srpske pravoslavne crkve Foto savez Srbije priredio je izlo\u017ebu \u201ePravoslavlje\u201c. Posle Beograda, Prijepolja, Zaje\u010dara i Zrenjanina, izlo\u017ebu 117 najboljih &hellip; <\/p>\n","protected":false},"author":2,"featured_media":25290,"comment_status":"open","ping_status":"open","sticky":false,"template":"","format":"standard","meta":{"footnotes":""},"categories":[1524,2,15,1516,887,12],"tags":[4866,156,765],"_links":{"self":[{"href":"https:\/\/centralmedia.rs\/index.php\/wp-json\/wp\/v2\/posts\/25289"}],"collection":[{"href":"https:\/\/centralmedia.rs\/index.php\/wp-json\/wp\/v2\/posts"}],"about":[{"href":"https:\/\/centralmedia.rs\/index.php\/wp-json\/wp\/v2\/types\/post"}],"author":[{"embeddable":true,"href":"https:\/\/centralmedia.rs\/index.php\/wp-json\/wp\/v2\/users\/2"}],"replies":[{"embeddable":true,"href":"https:\/\/centralmedia.rs\/index.php\/wp-json\/wp\/v2\/comments?post=25289"}],"version-history":[{"count":1,"href":"https:\/\/centralmedia.rs\/index.php\/wp-json\/wp\/v2\/posts\/25289\/revisions"}],"predecessor-version":[{"id":25292,"href":"https:\/\/centralmedia.rs\/index.php\/wp-json\/wp\/v2\/posts\/25289\/revisions\/25292"}],"wp:featuredmedia":[{"embeddable":true,"href":"https:\/\/centralmedia.rs\/index.php\/wp-json\/wp\/v2\/media\/25290"}],"wp:attachment":[{"href":"https:\/\/centralmedia.rs\/index.php\/wp-json\/wp\/v2\/media?parent=25289"}],"wp:term":[{"taxonomy":"category","embeddable":true,"href":"https:\/\/centralmedia.rs\/index.php\/wp-json\/wp\/v2\/categories?post=25289"},{"taxonomy":"post_tag","embeddable":true,"href":"https:\/\/centralmedia.rs\/index.php\/wp-json\/wp\/v2\/tags?post=25289"}],"curies":[{"name":"wp","href":"https:\/\/api.w.org\/{rel}","templated":true}]}}