{"id":25295,"date":"2020-10-12T14:38:36","date_gmt":"2020-10-12T14:38:36","guid":{"rendered":"http:\/\/centralmedia.rs\/?p=25295"},"modified":"2020-10-21T10:32:49","modified_gmt":"2020-10-21T10:32:49","slug":"maskenbal-najmladih-paracinaca","status":"publish","type":"post","link":"https:\/\/centralmedia.rs\/index.php\/2020\/10\/12\/maskenbal-najmladih-paracinaca\/","title":{"rendered":"Maskenbal najmla\u0111ih Para\u0107inaca"},"content":{"rendered":"<p>PARA\u0106IN- Mali\u0161ana Pred\u0161kolske ustanove \u201eBambi\u201c u\u010destvovali su na tradicionalnom maskenbala u okviru De\u010dije nedelje. Da ma\u0161ata nema kraja pokazale su kreacije kostima. Maskembal je bio prilika da se prika\u017eu razli\u010dite kreacije, a re\u010d je o jednoj od poslednjih, ali i najzabavnih aktivnosti mali\u0161ana u vrti\u0107ima tokom obele\u017eavanja De\u010dije nedelje.<\/p>\n<div id='gallery-1' class='gallery galleryid-25295 gallery-columns-3 gallery-size-thumbnail'><figure class='gallery-item'>\n\t\t\t<div class='gallery-icon landscape'>\n\t\t\t\t<a href='https:\/\/centralmedia.rs\/index.php\/2020\/10\/12\/maskenbal-najmladih-paracinaca\/maskembal-3\/'><img loading=\"lazy\" decoding=\"async\" width=\"150\" height=\"150\" src=\"https:\/\/centralmedia.rs\/wp-content\/uploads\/2020\/10\/maskembal-150x150.jpg\" class=\"attachment-thumbnail size-thumbnail\" alt=\"\" \/><\/a>\n\t\t\t<\/div><\/figure><figure class='gallery-item'>\n\t\t\t<div class='gallery-icon landscape'>\n\t\t\t\t<a href='https:\/\/centralmedia.rs\/index.php\/2020\/10\/12\/maskenbal-najmladih-paracinaca\/maskembal1\/'><img loading=\"lazy\" decoding=\"async\" width=\"150\" height=\"150\" src=\"https:\/\/centralmedia.rs\/wp-content\/uploads\/2020\/10\/maskembal1-150x150.jpg\" class=\"attachment-thumbnail size-thumbnail\" alt=\"\" \/><\/a>\n\t\t\t<\/div><\/figure><figure class='gallery-item'>\n\t\t\t<div class='gallery-icon landscape'>\n\t\t\t\t<a href='https:\/\/centralmedia.rs\/index.php\/2020\/10\/12\/maskenbal-najmladih-paracinaca\/maskembal2\/'><img loading=\"lazy\" decoding=\"async\" width=\"150\" height=\"150\" src=\"https:\/\/centralmedia.rs\/wp-content\/uploads\/2020\/10\/maskembal2-150x150.jpg\" class=\"attachment-thumbnail size-thumbnail\" alt=\"\" \/><\/a>\n\t\t\t<\/div><\/figure>\n\t\t<\/div>\n\n","protected":false},"excerpt":{"rendered":"<p>PARA\u0106IN- Mali\u0161ana Pred\u0161kolske ustanove \u201eBambi\u201c u\u010destvovali su na tradicionalnom maskenbala u okviru De\u010dije nedelje. Da ma\u0161ata nema kraja pokazale su kreacije kostima. Maskembal je bio &hellip; <\/p>\n","protected":false},"author":2,"featured_media":25296,"comment_status":"open","ping_status":"open","sticky":false,"template":"","format":"standard","meta":{"footnotes":""},"categories":[1524,2,23,1516,887,30],"tags":[3742,66,156],"_links":{"self":[{"href":"https:\/\/centralmedia.rs\/index.php\/wp-json\/wp\/v2\/posts\/25295"}],"collection":[{"href":"https:\/\/centralmedia.rs\/index.php\/wp-json\/wp\/v2\/posts"}],"about":[{"href":"https:\/\/centralmedia.rs\/index.php\/wp-json\/wp\/v2\/types\/post"}],"author":[{"embeddable":true,"href":"https:\/\/centralmedia.rs\/index.php\/wp-json\/wp\/v2\/users\/2"}],"replies":[{"embeddable":true,"href":"https:\/\/centralmedia.rs\/index.php\/wp-json\/wp\/v2\/comments?post=25295"}],"version-history":[{"count":1,"href":"https:\/\/centralmedia.rs\/index.php\/wp-json\/wp\/v2\/posts\/25295\/revisions"}],"predecessor-version":[{"id":25300,"href":"https:\/\/centralmedia.rs\/index.php\/wp-json\/wp\/v2\/posts\/25295\/revisions\/25300"}],"wp:featuredmedia":[{"embeddable":true,"href":"https:\/\/centralmedia.rs\/index.php\/wp-json\/wp\/v2\/media\/25296"}],"wp:attachment":[{"href":"https:\/\/centralmedia.rs\/index.php\/wp-json\/wp\/v2\/media?parent=25295"}],"wp:term":[{"taxonomy":"category","embeddable":true,"href":"https:\/\/centralmedia.rs\/index.php\/wp-json\/wp\/v2\/categories?post=25295"},{"taxonomy":"post_tag","embeddable":true,"href":"https:\/\/centralmedia.rs\/index.php\/wp-json\/wp\/v2\/tags?post=25295"}],"curies":[{"name":"wp","href":"https:\/\/api.w.org\/{rel}","templated":true}]}}