{"id":25310,"date":"2020-10-13T16:13:01","date_gmt":"2020-10-13T16:13:01","guid":{"rendered":"http:\/\/centralmedia.rs\/?p=25310"},"modified":"2020-10-21T10:33:15","modified_gmt":"2020-10-21T10:33:15","slug":"svecana-sednica-so-cuprija-povodom-13-oktobra-dana-grada","status":"publish","type":"post","link":"https:\/\/centralmedia.rs\/index.php\/2020\/10\/13\/svecana-sednica-so-cuprija-povodom-13-oktobra-dana-grada\/","title":{"rendered":"SVE\u010cANA SEDNICA SO \u0106UPRIJA POVODOM 13. OKTOBRA DANA GRADA"},"content":{"rendered":"<p>\u0106UPRIJA- Predsednik Skup\u0161tine op\u0161tine \u0106uprija Ninoslav Eri\u0107 svoje obra\u0107anje na sve\u010danoj sednici lokalnog parlamenta, koja je danas odr\u017eana u okviru obele\u017eavanja 13. oktobra \u2013 Dana op\u0161tine, po\u010deo je konstatacijom da je \u0106uprija jo\u0161 pro\u0161le godine progla\u0161ena najboljom investicionom lokacijom u Srbiji, ali da je o tome tada mogao da da samo nagove\u0161taj.<\/p>\n<div id='gallery-1' class='gallery galleryid-25310 gallery-columns-2 gallery-size-full'><figure class='gallery-item'>\n\t\t\t<div class='gallery-icon landscape'>\n\t\t\t\t<a href='https:\/\/centralmedia.rs\/index.php\/2020\/10\/13\/svecana-sednica-so-cuprija-povodom-13-oktobra-dana-grada\/cuprija1-2\/'><img loading=\"lazy\" decoding=\"async\" width=\"300\" height=\"201\" src=\"https:\/\/centralmedia.rs\/wp-content\/uploads\/2020\/10\/CUPRIJA1.jpg\" class=\"attachment-full size-full\" alt=\"\" \/><\/a>\n\t\t\t<\/div><\/figure><figure class='gallery-item'>\n\t\t\t<div class='gallery-icon landscape'>\n\t\t\t\t<a href='https:\/\/centralmedia.rs\/index.php\/2020\/10\/13\/svecana-sednica-so-cuprija-povodom-13-oktobra-dana-grada\/cuprija2\/'><img loading=\"lazy\" decoding=\"async\" width=\"300\" height=\"201\" src=\"https:\/\/centralmedia.rs\/wp-content\/uploads\/2020\/10\/CUPRIJA2.jpg\" class=\"attachment-full size-full\" alt=\"\" \/><\/a>\n\t\t\t<\/div><\/figure>\n\t\t<\/div>\n\n<p>-Te 2019. imali smo posetu jednog od najve\u0107ih giganata automobilske industrije \u2013 Folksvagena. Sa ponosom mogu da ka\u017eem da smo tada predstavili \u0106upriju u najboljem svetlu i da smo dobili pohvale od svih: iz Kabineta predsednika Republike Srbije, iz Kabineta predsednice Vlade, svih ministarstava i javnih preduze\u0107a. Kao i 2014. godine, kada smo potpisali Memoranudm o saradnji sa Trak lajtom, koji je uticao na izgradnju prve industrijske zone u \u0106upriji \u2013 gde danas FEKA automotiv ima svoj pogon , a gde nas uskoro o\u010dekuju investicije Gomeksa i Gerovita \u2013 tako i danas, nakon posete Folksvagena, imamo novu investiciju u novoj industrijskoj zoni u Dobri\u010devu. To je nema\u010dki SMP automotiv, deo grupacije Maderson. U prvoj fazi SMP \u0107e zaposliti 450 radnika, a zavr\u0161etak fabrike se o\u010dekuje u prvoj polovini slede\u0107e godine, dok su zapo\u0161ljavanja ve\u0107 krenula, a njihov trening centar za radnike u proizvodnji kre\u0107e sa obukom, rekao je predsednik Eri\u0107, dodatno pojasniv\u0161i koliko je truda bilo potrebno da se obezbede uslovi za nastanak jedne centralne industrijske zone kakva \u0107e biti ova u Dobri\u010devu.<\/p>\n<p>-Ono \u0161to je vrlo va\u017eno za nas \u2013 obaveza Op\u0161tine \u0106uprija i Vlade Republike Srbije je opremanje nove centralne industrijsko-trgovinske zone u Dobri\u010devu, poentirao je u svom izlaganju Eri\u0107.<\/p>\n<p>Ina\u010de, ve\u0107 iz uvodnih re\u010di predsednika Skup\u0161tine op\u0161tine \u0106uprija Ninoslava Eri\u0107a bilo je jasno da \u0107e titulu po\u010dasnog gra\u0111anina op\u0161tine \u0106uprija poneti Klaus Johan Be\u0161, predsednik Kompanije SMP automotive. \u00a0Be\u0161, koji se u ime nagra\u0111enih obratio prisutnima, rekao je kako je po dolasku u Srbiju obi\u0161ao sedam potencijalnih lokacija za izgradnju novog postrojenja fabrike na \u010dijem je \u010delu, od kojih i one \u201ena severu Srbije, u okolini Kragujevca, u Ni\u0161u i na jugu\u201c, ali da je \u201eovde sreo izuzetno entuzijasti\u010dan i motivisan tim na \u010delu sa predsednikom Eri\u0107em\u201c, koji mu je od prvog dana bio od velike pomo\u0107i.<\/p>\n<p>-U me\u0111uvremenu, taj odnos izme\u0111u nas vi\u0161e nije samo poslovni, ve\u0107 je to sada i neka vrsta prijateljstva, istakao je Be\u0161.<\/p>\n<p>Predstavljaju\u0107i SMP automotiv, Be\u0161 je rekao da \u0107e ova kompanija u Srbiji, odnosno u \u0106upriji, u pogonu povr\u0161ine 19 hiljada kvadrata da proizvodi unutra\u0161nje stranice za vrata i komandne table, naglasiv\u0161i kako je proces proizvodnje u SMP automotiv specijalizovan za motorna vozila premijum klase.<\/p>\n<p>Ina\u010de, osim \u201eklju\u010da grada\u201c koji je oti\u0161ao u ruke Be\u0161a, na sve\u010danoj sednici dodeljene su zahvalnice, koje su ove godine pripale pre svega Infektivnom odeljenju Op\u0161te bolnice \u0106uprija \u201eza izuzetno zalaganje i po\u017ertvovanost u le\u010denju obolelih od KOVID-19\u201c, a zatim i volonterima Op\u0161tine \u0106uprija za nesebi\u010dni rad posebno tokom vanrednog stanja. Zahvalnicu je uru\u010dena vajaru Miroljubu Stamenkovi\u0107u iz Beograda, autoru spomenika knezu Lazaru koji je ove godine postavljen u \u0106upriji, a dobitnik zahvalnice ove godine je i Uro\u0161 Stoiljkovi\u0107, nekada\u0161nji \u0111ak generacije \u0107uprijske Gimnazije, za ostvarene rezultate iz oblasti nauke \u2013 hemije.<\/p>\n<p>Nov\u010dane nagrade u iznosu od po 30 hiljada dinara, za zalaganje na za\u0161titi poljoprivrednih useva, imovine i ljudi na teritoriji op\u0161tine \u0106uprija, dobila su i 22 rukovaoca protivgradinim sistemima.<\/p>\n<p>Foto SO \u0106uprija<\/p>\n","protected":false},"excerpt":{"rendered":"<p>\u0106UPRIJA- Predsednik Skup\u0161tine op\u0161tine \u0106uprija Ninoslav Eri\u0107 svoje obra\u0107anje na sve\u010danoj sednici lokalnog parlamenta, koja je danas odr\u017eana u okviru obele\u017eavanja 13. oktobra \u2013 Dana &hellip; <\/p>\n","protected":false},"author":2,"featured_media":25311,"comment_status":"open","ping_status":"open","sticky":false,"template":"","format":"standard","meta":{"footnotes":""},"categories":[1515,1524,2,13,12],"tags":[44,2041],"_links":{"self":[{"href":"https:\/\/centralmedia.rs\/index.php\/wp-json\/wp\/v2\/posts\/25310"}],"collection":[{"href":"https:\/\/centralmedia.rs\/index.php\/wp-json\/wp\/v2\/posts"}],"about":[{"href":"https:\/\/centralmedia.rs\/index.php\/wp-json\/wp\/v2\/types\/post"}],"author":[{"embeddable":true,"href":"https:\/\/centralmedia.rs\/index.php\/wp-json\/wp\/v2\/users\/2"}],"replies":[{"embeddable":true,"href":"https:\/\/centralmedia.rs\/index.php\/wp-json\/wp\/v2\/comments?post=25310"}],"version-history":[{"count":2,"href":"https:\/\/centralmedia.rs\/index.php\/wp-json\/wp\/v2\/posts\/25310\/revisions"}],"predecessor-version":[{"id":25315,"href":"https:\/\/centralmedia.rs\/index.php\/wp-json\/wp\/v2\/posts\/25310\/revisions\/25315"}],"wp:featuredmedia":[{"embeddable":true,"href":"https:\/\/centralmedia.rs\/index.php\/wp-json\/wp\/v2\/media\/25311"}],"wp:attachment":[{"href":"https:\/\/centralmedia.rs\/index.php\/wp-json\/wp\/v2\/media?parent=25310"}],"wp:term":[{"taxonomy":"category","embeddable":true,"href":"https:\/\/centralmedia.rs\/index.php\/wp-json\/wp\/v2\/categories?post=25310"},{"taxonomy":"post_tag","embeddable":true,"href":"https:\/\/centralmedia.rs\/index.php\/wp-json\/wp\/v2\/tags?post=25310"}],"curies":[{"name":"wp","href":"https:\/\/api.w.org\/{rel}","templated":true}]}}