{"id":25316,"date":"2020-10-14T16:46:05","date_gmt":"2020-10-14T16:46:05","guid":{"rendered":"http:\/\/centralmedia.rs\/?p=25316"},"modified":"2020-10-21T10:33:21","modified_gmt":"2020-10-21T10:33:21","slug":"grejanje-na-gas-menja-drva-u-skoli","status":"publish","type":"post","link":"https:\/\/centralmedia.rs\/index.php\/2020\/10\/14\/grejanje-na-gas-menja-drva-u-skoli\/","title":{"rendered":"GREJANJE NA GAS MENJA DRVA U \u0160KOLI"},"content":{"rendered":"<p>PARA\u0106IN-U izdvojenom odeljenju O\u0160 ,,Radoje Domanovi\u0107&#8221; u Stri\u017ei kod Para\u0107ina uskoro \u0107e biti zavr\u0161eni radovi na ugradnji kotla na gas, odnosno u\u010denici te \u0161kole ima\u0107e iste uslove za rad kao i\u00a0 u gradskim \u0161kolama. Do sada se \u0161kola grejala sa dve pe\u0107i na drva. Direktor \u0161kole Aleksandar Jovanovi\u0107 isti\u010de da je 820 hiljada dinara obezbedilo Ministarstvo pravde iz oportuniteta, dok je Op\u0161tinska uprava izradila potebnu dokumentaciju.<\/p>\n<div id='gallery-1' class='gallery galleryid-25316 gallery-columns-3 gallery-size-full'><figure class='gallery-item'>\n\t\t\t<div class='gallery-icon portrait'>\n\t\t\t\t<a href='https:\/\/centralmedia.rs\/index.php\/2020\/10\/14\/grejanje-na-gas-menja-drva-u-skoli\/pec-na-drva1\/'><img loading=\"lazy\" decoding=\"async\" width=\"960\" height=\"1280\" src=\"https:\/\/centralmedia.rs\/wp-content\/uploads\/2020\/10\/pec-na-drva1.jpg\" class=\"attachment-full size-full\" alt=\"\" srcset=\"https:\/\/centralmedia.rs\/wp-content\/uploads\/2020\/10\/pec-na-drva1.jpg 960w, https:\/\/centralmedia.rs\/wp-content\/uploads\/2020\/10\/pec-na-drva1-225x300.jpg 225w, https:\/\/centralmedia.rs\/wp-content\/uploads\/2020\/10\/pec-na-drva1-768x1024.jpg 768w, https:\/\/centralmedia.rs\/wp-content\/uploads\/2020\/10\/pec-na-drva1-315x420.jpg 315w, https:\/\/centralmedia.rs\/wp-content\/uploads\/2020\/10\/pec-na-drva1-640x853.jpg 640w, https:\/\/centralmedia.rs\/wp-content\/uploads\/2020\/10\/pec-na-drva1-681x908.jpg 681w\" sizes=\"(max-width: 960px) 100vw, 960px\" \/><\/a>\n\t\t\t<\/div><\/figure><figure class='gallery-item'>\n\t\t\t<div class='gallery-icon portrait'>\n\t\t\t\t<a href='https:\/\/centralmedia.rs\/index.php\/2020\/10\/14\/grejanje-na-gas-menja-drva-u-skoli\/pec-na-drva2\/'><img loading=\"lazy\" decoding=\"async\" width=\"960\" height=\"1280\" src=\"https:\/\/centralmedia.rs\/wp-content\/uploads\/2020\/10\/pec-na-drva2.jpg\" class=\"attachment-full size-full\" alt=\"\" srcset=\"https:\/\/centralmedia.rs\/wp-content\/uploads\/2020\/10\/pec-na-drva2.jpg 960w, https:\/\/centralmedia.rs\/wp-content\/uploads\/2020\/10\/pec-na-drva2-225x300.jpg 225w, https:\/\/centralmedia.rs\/wp-content\/uploads\/2020\/10\/pec-na-drva2-768x1024.jpg 768w, https:\/\/centralmedia.rs\/wp-content\/uploads\/2020\/10\/pec-na-drva2-315x420.jpg 315w, https:\/\/centralmedia.rs\/wp-content\/uploads\/2020\/10\/pec-na-drva2-640x853.jpg 640w, https:\/\/centralmedia.rs\/wp-content\/uploads\/2020\/10\/pec-na-drva2-681x908.jpg 681w\" sizes=\"(max-width: 960px) 100vw, 960px\" \/><\/a>\n\t\t\t<\/div><\/figure><figure class='gallery-item'>\n\t\t\t<div class='gallery-icon portrait'>\n\t\t\t\t<a href='https:\/\/centralmedia.rs\/index.php\/2020\/10\/14\/grejanje-na-gas-menja-drva-u-skoli\/pec-na-drva3\/'><img loading=\"lazy\" decoding=\"async\" width=\"960\" height=\"1280\" src=\"https:\/\/centralmedia.rs\/wp-content\/uploads\/2020\/10\/pec-na-drva3.jpg\" class=\"attachment-full size-full\" alt=\"\" srcset=\"https:\/\/centralmedia.rs\/wp-content\/uploads\/2020\/10\/pec-na-drva3.jpg 960w, https:\/\/centralmedia.rs\/wp-content\/uploads\/2020\/10\/pec-na-drva3-225x300.jpg 225w, https:\/\/centralmedia.rs\/wp-content\/uploads\/2020\/10\/pec-na-drva3-768x1024.jpg 768w, https:\/\/centralmedia.rs\/wp-content\/uploads\/2020\/10\/pec-na-drva3-315x420.jpg 315w, https:\/\/centralmedia.rs\/wp-content\/uploads\/2020\/10\/pec-na-drva3-640x853.jpg 640w, https:\/\/centralmedia.rs\/wp-content\/uploads\/2020\/10\/pec-na-drva3-681x908.jpg 681w\" sizes=\"(max-width: 960px) 100vw, 960px\" \/><\/a>\n\t\t\t<\/div><\/figure>\n\t\t<\/div>\n\n","protected":false},"excerpt":{"rendered":"<p>PARA\u0106IN-U izdvojenom odeljenju O\u0160 ,,Radoje Domanovi\u0107&#8221; u Stri\u017ei kod Para\u0107ina uskoro \u0107e biti zavr\u0161eni radovi na ugradnji kotla na gas, odnosno u\u010denici te \u0161kole ima\u0107e &hellip; <\/p>\n","protected":false},"author":2,"featured_media":25317,"comment_status":"open","ping_status":"open","sticky":false,"template":"","format":"standard","meta":{"footnotes":""},"categories":[14,1524,2,1516,887,12],"tags":[3935,156,497,3184,2605],"_links":{"self":[{"href":"https:\/\/centralmedia.rs\/index.php\/wp-json\/wp\/v2\/posts\/25316"}],"collection":[{"href":"https:\/\/centralmedia.rs\/index.php\/wp-json\/wp\/v2\/posts"}],"about":[{"href":"https:\/\/centralmedia.rs\/index.php\/wp-json\/wp\/v2\/types\/post"}],"author":[{"embeddable":true,"href":"https:\/\/centralmedia.rs\/index.php\/wp-json\/wp\/v2\/users\/2"}],"replies":[{"embeddable":true,"href":"https:\/\/centralmedia.rs\/index.php\/wp-json\/wp\/v2\/comments?post=25316"}],"version-history":[{"count":1,"href":"https:\/\/centralmedia.rs\/index.php\/wp-json\/wp\/v2\/posts\/25316\/revisions"}],"predecessor-version":[{"id":25321,"href":"https:\/\/centralmedia.rs\/index.php\/wp-json\/wp\/v2\/posts\/25316\/revisions\/25321"}],"wp:featuredmedia":[{"embeddable":true,"href":"https:\/\/centralmedia.rs\/index.php\/wp-json\/wp\/v2\/media\/25317"}],"wp:attachment":[{"href":"https:\/\/centralmedia.rs\/index.php\/wp-json\/wp\/v2\/media?parent=25316"}],"wp:term":[{"taxonomy":"category","embeddable":true,"href":"https:\/\/centralmedia.rs\/index.php\/wp-json\/wp\/v2\/categories?post=25316"},{"taxonomy":"post_tag","embeddable":true,"href":"https:\/\/centralmedia.rs\/index.php\/wp-json\/wp\/v2\/tags?post=25316"}],"curies":[{"name":"wp","href":"https:\/\/api.w.org\/{rel}","templated":true}]}}