{"id":2534,"date":"2016-03-27T20:42:08","date_gmt":"2016-03-27T20:42:08","guid":{"rendered":"http:\/\/centralmedia.rs\/?p=2534"},"modified":"2016-03-27T20:43:12","modified_gmt":"2016-03-27T20:43:12","slug":"zlatni-curan-bekjarevu","status":"publish","type":"post","link":"https:\/\/centralmedia.rs\/index.php\/2016\/03\/27\/zlatni-curan-bekjarevu\/","title":{"rendered":"ZLATNI \u0106URAN BEKJAREVU"},"content":{"rendered":"<p>JAGODINA-Glumcu Ivanu Bekjarevu ve\u010deras je  uru\u010dena nagrada za \u017eivotno delo &#8220;Zlatni \u0107uran&#8221; festivala Dani komedije.<br \/>\n\t-Kada sam pre deset godina dobio nagradu za \u017eivotno delo rekao sam ,,ljudi za\u0161tio me sahranjujete pre vemena\u201d, a sada jo\u0161 jedna nagrada za \u017eivotno delo, nadam se ovo nije neki signal. Emocije  me susti\u017eu. Bojao sam se da li \u0107e ovaj \u0106uran biti iste veli\u010dine i te\u017eine, kao i predhodni, ali ovaj \u0107u lak\u0161e da ,,podnesem,,.  Prvog \u0106urana dobio zajedno sa Mi\u0161om Janketi\u0107em sam pre 40 godina sada je tu njegov sin na sceni, drugog 1993. godine u predstavi je igrala Branka Puji\u0107, koja je sada u \u017eiriju. Moram re\u0107i da je ovaj festival, koji je po\u010deo stidljivo pre 45 godina, u me\u0111uvremenu dostigao veliki renome u regionu, rekao je Bekjarev prilikom uru\u010divanja nagrade za \u017eivotno delo i dodao da je jagodinska publika zaslu\u017eila svoje pozori\u0161te i pozdravio odluku ,,da se to najzad uradi,,. <a href=\"https:\/\/centralmedia.rs\/wp-content\/uploads\/2016\/03\/nagradjeni-1-jagodina-g.j..jpg\" rel=\"attachment wp-att-2536\"><img loading=\"lazy\" decoding=\"async\" src=\"https:\/\/centralmedia.rs\/wp-content\/uploads\/2016\/03\/nagradjeni-1-jagodina-g.j.-300x168.jpg\" alt=\"nagradjeni 1-jagodina-g.j.\" width=\"300\" height=\"168\" class=\"alignnone size-medium wp-image-2536\" srcset=\"https:\/\/centralmedia.rs\/wp-content\/uploads\/2016\/03\/nagradjeni-1-jagodina-g.j.-300x168.jpg 300w, https:\/\/centralmedia.rs\/wp-content\/uploads\/2016\/03\/nagradjeni-1-jagodina-g.j.-768x430.jpg 768w, https:\/\/centralmedia.rs\/wp-content\/uploads\/2016\/03\/nagradjeni-1-jagodina-g.j.-1024x573.jpg 1024w, https:\/\/centralmedia.rs\/wp-content\/uploads\/2016\/03\/nagradjeni-1-jagodina-g.j..jpg 1200w\" sizes=\"(max-width: 300px) 100vw, 300px\" \/><\/a><br \/>\nNagrada ,,Mija Aleksi\u0107\u201c za najbolju predstavu pripala je po odluci \u017eirija  ,,Rodoljupcima\u201c, u re\u017eiji i scenografiji Andra\u0161a Urbana i izvo\u0111enju Narodnog pozori\u0161ta iz Beograda.<br \/>\nNagrada ,,Miodrag Petrovi\u0107 \u010ckalja\u201c za najsme\u0161niju predstavu, prose\u010dna ocena publike  4,83, pripala je predstavi ,,Klaustrofobi\u010dna komedija\u201c.<br \/>\nStatuetu \u0106uran na najbolja gluma\u010dka ostvarenja dobili su Neboj\u0161a Glogovac za ulogu ,,Adama\u201c u predstavi ,,Razbijeni kr\u010dag\u201c Hajnriha fon Klajsta, u izvo\u0111enju Jugoslovenskog dramskog pozori\u0161ta i re\u017eiji Igora Vuka Torbice, Ljubomir Bandovi\u0107 za ulogu ,,Save od\u017ea\u010dara\u201c u predstavi ,,Klaustrofobi\u010dna komedija\u201c Du\u0161ana Kova\u010devi\u0107a, u izvo\u0111enju Zvezdara teatra i re\u017eiji Darka Baji\u0107a, Vladica Milosavljevi\u0107 za ulogu gospo\u0111e Marte Rul u predstavi ,,Razbijeni kr\u010dag\u201c.<br \/>\nStaueta \u0106uran za najbolje rediteljsko ostvarenje dodeljena je Igoru Vuku Torbici za ,,Razbijeni kr\u010dag\u201c.<br \/>\nNagrada za najbolju mladu glumicu i glumca dodeljene su Neveni Risti\u0107 za ulogu Nine Herbert i Marku Janketi\u0107u za ulogu Vuleta milicionera, oboje u predstavi ,,Klaustrofobi\u010dna komedija\u201c.<br \/>\nNagrada ,,Nikola Mili\u0107\u201c za najbolju epizodnu ulogu dodeljena je Jovanu Toro\u010dkom za ulogu \u017dor\u017ea u predstavi ,,Prso\u201c Remija de Voa u izvo\u0111enju Narodnog pozori\u0161ta ,,To\u0161a Jovanovi\u0107\u201c iz Zrenjanina, u re\u017eiji Olivere \u0110or\u0111evi\u0107.<br \/>\nNagrada za kostimografiju se dodeljena je Jelisaveti Tati\u0107 \u010cuturilo za predstavu ,,Razbijeni kr\u010dag\u201c, a nagrada za scenografiju Branku Hojniku za istu predstavu.<br \/>\nSpecijalna nagrada za kolektivnu gluma\u010dku igru dodeljuje se ansamblu Narodnog pozori\u0161ta u Beogradu za predstavu ,,Rodoljupci\u201c.<br \/>\n\u017dirija u sastavu Ra\u0161ko Jovanovi\u0107, Branka Puji\u0107 i \u017divorad \u0110or\u0111evi\u0107 odluke su doneli jednoglasno.<br \/>\nU \u010dast nagra\u0111enih ve\u010deras su nastupili glumci pozori\u0161ta Dadov sa predstavom &#8220;Rucante&#8221; u re\u017eiji Slavenka Saletovi\u0107a. <\/p>\n","protected":false},"excerpt":{"rendered":"<p>JAGODINA-Glumcu Ivanu Bekjarevu ve\u010deras je uru\u010dena nagrada za \u017eivotno delo &#8220;Zlatni \u0107uran&#8221; festivala Dani komedije. -Kada sam pre deset godina dobio nagradu za \u017eivotno delo &hellip; <\/p>\n","protected":false},"author":4,"featured_media":2535,"comment_status":"open","ping_status":"open","sticky":false,"template":"","format":"standard","meta":{"footnotes":""},"categories":[2,15,12],"tags":[507,506,654],"_links":{"self":[{"href":"https:\/\/centralmedia.rs\/index.php\/wp-json\/wp\/v2\/posts\/2534"}],"collection":[{"href":"https:\/\/centralmedia.rs\/index.php\/wp-json\/wp\/v2\/posts"}],"about":[{"href":"https:\/\/centralmedia.rs\/index.php\/wp-json\/wp\/v2\/types\/post"}],"author":[{"embeddable":true,"href":"https:\/\/centralmedia.rs\/index.php\/wp-json\/wp\/v2\/users\/4"}],"replies":[{"embeddable":true,"href":"https:\/\/centralmedia.rs\/index.php\/wp-json\/wp\/v2\/comments?post=2534"}],"version-history":[{"count":0,"href":"https:\/\/centralmedia.rs\/index.php\/wp-json\/wp\/v2\/posts\/2534\/revisions"}],"wp:featuredmedia":[{"embeddable":true,"href":"https:\/\/centralmedia.rs\/index.php\/wp-json\/wp\/v2\/media\/2535"}],"wp:attachment":[{"href":"https:\/\/centralmedia.rs\/index.php\/wp-json\/wp\/v2\/media?parent=2534"}],"wp:term":[{"taxonomy":"category","embeddable":true,"href":"https:\/\/centralmedia.rs\/index.php\/wp-json\/wp\/v2\/categories?post=2534"},{"taxonomy":"post_tag","embeddable":true,"href":"https:\/\/centralmedia.rs\/index.php\/wp-json\/wp\/v2\/tags?post=2534"}],"curies":[{"name":"wp","href":"https:\/\/api.w.org\/{rel}","templated":true}]}}