{"id":25350,"date":"2020-10-18T18:22:55","date_gmt":"2020-10-18T18:22:55","guid":{"rendered":"http:\/\/centralmedia.rs\/?p=25350"},"modified":"2020-10-25T15:10:15","modified_gmt":"2020-10-25T15:10:15","slug":"dan-za-dar-2","status":"publish","type":"post","link":"https:\/\/centralmedia.rs\/index.php\/2020\/10\/18\/dan-za-dar-2\/","title":{"rendered":"DAN ZA DAR"},"content":{"rendered":"<p>SVILAJNAC-Centar za brigu o porodici \u201eSvilajnac\u201c drugi put organizuje humanitarnu akciju za decu koja su korisnici usluga te ustanove. Akcija prikupljanja toplije zimske garderobe za decu pod nazivom \u201eDAN ZA DAR\u201c bi\u0107e organizovana u Svilajncu, ali i po selima.<\/p>\n<p><img loading=\"lazy\" decoding=\"async\" class=\"alignnone wp-image-25351 size-large\" src=\"http:\/\/centralmedia.rs\/wp-content\/uploads\/2020\/10\/dar-878x1024.jpg\" alt=\"\" width=\"640\" height=\"746\" srcset=\"https:\/\/centralmedia.rs\/wp-content\/uploads\/2020\/10\/dar-878x1024.jpg 878w, https:\/\/centralmedia.rs\/wp-content\/uploads\/2020\/10\/dar-257x300.jpg 257w, https:\/\/centralmedia.rs\/wp-content\/uploads\/2020\/10\/dar-768x896.jpg 768w, https:\/\/centralmedia.rs\/wp-content\/uploads\/2020\/10\/dar-360x420.jpg 360w, https:\/\/centralmedia.rs\/wp-content\/uploads\/2020\/10\/dar-300x350.jpg 300w, https:\/\/centralmedia.rs\/wp-content\/uploads\/2020\/10\/dar-640x747.jpg 640w, https:\/\/centralmedia.rs\/wp-content\/uploads\/2020\/10\/dar-681x795.jpg 681w, https:\/\/centralmedia.rs\/wp-content\/uploads\/2020\/10\/dar.jpg 1080w\" sizes=\"(max-width: 640px) 100vw, 640px\" \/><\/p>\n<ol start=\"19\">\n<li>od 11:30 u selu Vojska, prikuplja\u0107emo garderobu u prostorijama O\u0160 &#8220;Stevan Sindjeli\u0107&#8221;.<\/li>\n<li>od 10:30 u selu Ku\u0161iljevo, garderobu \u0107emo prikupljati u prostorijama O\u0160 &#8220;Vo\u017ed Karadjordje&#8221;<\/li>\n<li>u selu Sedlare, garderobu \u0107emo prikupljati u prostorijama O\u0160 &#8220;Branko Radi\u010devi\u0107&#8221;<\/li>\n<li>od 17h u Troponju, u saradnji sa Udru\u017eenjem \u017eena Troponje garderobu \u0107emo prikupljati u njihovim prostorijama<\/li>\n<\/ol>\n<p>Od 22. do 24. svi zainteresovani sugradjani mogu da donesu garderobu u prostorije Centra za brigu o porodici &#8220;SVILAJNAC&#8221;.<\/p>\n<p>RADNO VREME 22. I 23. BI\u0106E OD 8:00 &#8211; 18:00 \u010cASOVA<\/p>\n<ol start=\"24\">\n<li>RADNO VREME CENTRA BI\u0106E OD 8:00 -12:00 \u010cASOVA Centra za brigu o porodici, ulica Kralja Petra I 135 (stara Hitna).<\/li>\n<\/ol>\n","protected":false},"excerpt":{"rendered":"<p>SVILAJNAC-Centar za brigu o porodici \u201eSvilajnac\u201c drugi put organizuje humanitarnu akciju za decu koja su korisnici usluga te ustanove. Akcija prikupljanja toplije zimske garderobe za &hellip; <\/p>\n","protected":false},"author":2,"featured_media":25351,"comment_status":"open","ping_status":"open","sticky":false,"template":"","format":"standard","meta":{"footnotes":""},"categories":[14,1524,2,887,12,1517],"tags":[3461,4886,38],"_links":{"self":[{"href":"https:\/\/centralmedia.rs\/index.php\/wp-json\/wp\/v2\/posts\/25350"}],"collection":[{"href":"https:\/\/centralmedia.rs\/index.php\/wp-json\/wp\/v2\/posts"}],"about":[{"href":"https:\/\/centralmedia.rs\/index.php\/wp-json\/wp\/v2\/types\/post"}],"author":[{"embeddable":true,"href":"https:\/\/centralmedia.rs\/index.php\/wp-json\/wp\/v2\/users\/2"}],"replies":[{"embeddable":true,"href":"https:\/\/centralmedia.rs\/index.php\/wp-json\/wp\/v2\/comments?post=25350"}],"version-history":[{"count":3,"href":"https:\/\/centralmedia.rs\/index.php\/wp-json\/wp\/v2\/posts\/25350\/revisions"}],"predecessor-version":[{"id":25357,"href":"https:\/\/centralmedia.rs\/index.php\/wp-json\/wp\/v2\/posts\/25350\/revisions\/25357"}],"wp:featuredmedia":[{"embeddable":true,"href":"https:\/\/centralmedia.rs\/index.php\/wp-json\/wp\/v2\/media\/25351"}],"wp:attachment":[{"href":"https:\/\/centralmedia.rs\/index.php\/wp-json\/wp\/v2\/media?parent=25350"}],"wp:term":[{"taxonomy":"category","embeddable":true,"href":"https:\/\/centralmedia.rs\/index.php\/wp-json\/wp\/v2\/categories?post=25350"},{"taxonomy":"post_tag","embeddable":true,"href":"https:\/\/centralmedia.rs\/index.php\/wp-json\/wp\/v2\/tags?post=25350"}],"curies":[{"name":"wp","href":"https:\/\/api.w.org\/{rel}","templated":true}]}}