{"id":25354,"date":"2020-10-18T18:29:47","date_gmt":"2020-10-18T18:29:47","guid":{"rendered":"http:\/\/centralmedia.rs\/?p=25354"},"modified":"2020-10-25T15:10:23","modified_gmt":"2020-10-25T15:10:23","slug":"festival-folklora","status":"publish","type":"post","link":"https:\/\/centralmedia.rs\/index.php\/2020\/10\/18\/festival-folklora\/","title":{"rendered":"FESTIVAL FOLKLORA"},"content":{"rendered":"<p>PARA\u0106IN-\u00a0 Folklorni ansambl Dankovo iz Para\u0107ina uspe\u0161no je organizovao 7. Festival folklora. U\u010destvovalo je 6 seniorskih i 5 de\u010dijih ansambala iz Srbije.Festival je organizovan uz pomo\u0107 \u00a0Poslovnog sistema Mihajlovi\u0107, Euroline, Bahus, kao i Doma omladine. \u010clanovi stru\u010dnog \u017eirija bili su \u00a0Marko Lazi\u0107, Vlada Radonji\u0107 i Dragan Vu\u010dkovi\u0107.<\/p>\n","protected":false},"excerpt":{"rendered":"<p>PARA\u0106IN-\u00a0 Folklorni ansambl Dankovo iz Para\u0107ina uspe\u0161no je organizovao 7. Festival folklora. U\u010destvovalo je 6 seniorskih i 5 de\u010dijih ansambala iz Srbije.Festival je organizovan uz &hellip; <\/p>\n","protected":false},"author":2,"featured_media":25355,"comment_status":"open","ping_status":"open","sticky":false,"template":"","format":"standard","meta":{"footnotes":""},"categories":[1524,2,15,1516,887,12],"tags":[4887,156],"_links":{"self":[{"href":"https:\/\/centralmedia.rs\/index.php\/wp-json\/wp\/v2\/posts\/25354"}],"collection":[{"href":"https:\/\/centralmedia.rs\/index.php\/wp-json\/wp\/v2\/posts"}],"about":[{"href":"https:\/\/centralmedia.rs\/index.php\/wp-json\/wp\/v2\/types\/post"}],"author":[{"embeddable":true,"href":"https:\/\/centralmedia.rs\/index.php\/wp-json\/wp\/v2\/users\/2"}],"replies":[{"embeddable":true,"href":"https:\/\/centralmedia.rs\/index.php\/wp-json\/wp\/v2\/comments?post=25354"}],"version-history":[{"count":1,"href":"https:\/\/centralmedia.rs\/index.php\/wp-json\/wp\/v2\/posts\/25354\/revisions"}],"predecessor-version":[{"id":25356,"href":"https:\/\/centralmedia.rs\/index.php\/wp-json\/wp\/v2\/posts\/25354\/revisions\/25356"}],"wp:featuredmedia":[{"embeddable":true,"href":"https:\/\/centralmedia.rs\/index.php\/wp-json\/wp\/v2\/media\/25355"}],"wp:attachment":[{"href":"https:\/\/centralmedia.rs\/index.php\/wp-json\/wp\/v2\/media?parent=25354"}],"wp:term":[{"taxonomy":"category","embeddable":true,"href":"https:\/\/centralmedia.rs\/index.php\/wp-json\/wp\/v2\/categories?post=25354"},{"taxonomy":"post_tag","embeddable":true,"href":"https:\/\/centralmedia.rs\/index.php\/wp-json\/wp\/v2\/tags?post=25354"}],"curies":[{"name":"wp","href":"https:\/\/api.w.org\/{rel}","templated":true}]}}