{"id":25359,"date":"2020-10-21T09:20:07","date_gmt":"2020-10-21T09:20:07","guid":{"rendered":"http:\/\/centralmedia.rs\/?p=25359"},"modified":"2020-10-25T15:10:29","modified_gmt":"2020-10-25T15:10:29","slug":"sednica-so-paracin","status":"publish","type":"post","link":"https:\/\/centralmedia.rs\/index.php\/2020\/10\/21\/sednica-so-paracin\/","title":{"rendered":"SEDNICA SO PARA\u0106IN"},"content":{"rendered":"<p>PARA\u0106IN- Odbornici SO Para\u0107in su se bavili temama imenovanja novih vr\u0161ioca du\u017enosti direktora ustanova i predze\u0107a<\/p>\n<p>Imenovan su novi VD direktori \u00a0JP ,,Direkcija za izgradnju&#8221; \u00a0Marko Jeleni\u0107, JKP Para\u0107in Dragan Aksentijevi\u0107, SRC &#8220;7. Juli&#8221; \u00a0Sa\u0161a Radisavljevi\u0107, \u00a0Turisti\u010dke organizacije Vladan Vu\u010dkovi\u0107 i Doma omladine \u00a0Jelena Vidosavljevi\u0107. Novi \u010dlan \u00a0Op\u0161tinskog ve\u0107a je Sa\u0161a Ru\u017ei\u0107, \u00a0umesto Bojana Veljkovi\u0107a, koji je podneo ostavku.Odbornici su imenovali Goricu Simi\u0107 iz Para\u0107ina za predsednicu Nadzornog odbora Centra za socijalni rad. Na sednici SO razre\u0161en je zamenik predsednika Izborne komisije, kao i imneovani \u010dlanovi UO Turisti\u010dke organizacije , NO JP Poslovni centar \u00a0i NO Pozori\u0161te.<\/p>\n","protected":false},"excerpt":{"rendered":"<p>PARA\u0106IN- Odbornici SO Para\u0107in su se bavili temama imenovanja novih vr\u0161ioca du\u017enosti direktora ustanova i predze\u0107a Imenovan su novi VD direktori \u00a0JP ,,Direkcija za izgradnju&#8221; &hellip; <\/p>\n","protected":false},"author":2,"featured_media":25084,"comment_status":"open","ping_status":"open","sticky":false,"template":"","format":"standard","meta":{"footnotes":""},"categories":[1524,2,1516,13,887,12],"tags":[216,2823,1973,831],"_links":{"self":[{"href":"https:\/\/centralmedia.rs\/index.php\/wp-json\/wp\/v2\/posts\/25359"}],"collection":[{"href":"https:\/\/centralmedia.rs\/index.php\/wp-json\/wp\/v2\/posts"}],"about":[{"href":"https:\/\/centralmedia.rs\/index.php\/wp-json\/wp\/v2\/types\/post"}],"author":[{"embeddable":true,"href":"https:\/\/centralmedia.rs\/index.php\/wp-json\/wp\/v2\/users\/2"}],"replies":[{"embeddable":true,"href":"https:\/\/centralmedia.rs\/index.php\/wp-json\/wp\/v2\/comments?post=25359"}],"version-history":[{"count":1,"href":"https:\/\/centralmedia.rs\/index.php\/wp-json\/wp\/v2\/posts\/25359\/revisions"}],"predecessor-version":[{"id":25360,"href":"https:\/\/centralmedia.rs\/index.php\/wp-json\/wp\/v2\/posts\/25359\/revisions\/25360"}],"wp:featuredmedia":[{"embeddable":true,"href":"https:\/\/centralmedia.rs\/index.php\/wp-json\/wp\/v2\/media\/25084"}],"wp:attachment":[{"href":"https:\/\/centralmedia.rs\/index.php\/wp-json\/wp\/v2\/media?parent=25359"}],"wp:term":[{"taxonomy":"category","embeddable":true,"href":"https:\/\/centralmedia.rs\/index.php\/wp-json\/wp\/v2\/categories?post=25359"},{"taxonomy":"post_tag","embeddable":true,"href":"https:\/\/centralmedia.rs\/index.php\/wp-json\/wp\/v2\/tags?post=25359"}],"curies":[{"name":"wp","href":"https:\/\/api.w.org\/{rel}","templated":true}]}}