{"id":25366,"date":"2020-10-22T17:32:47","date_gmt":"2020-10-22T17:32:47","guid":{"rendered":"http:\/\/centralmedia.rs\/?p=25366"},"modified":"2020-11-04T15:05:05","modified_gmt":"2020-11-04T15:05:05","slug":"oslobodenje-svilajnca-u-prvom-svetskom-ratu","status":"publish","type":"post","link":"https:\/\/centralmedia.rs\/index.php\/2020\/10\/22\/oslobodenje-svilajnca-u-prvom-svetskom-ratu\/","title":{"rendered":"OSLOBO\u0110ENJE SVILAJNCA U PRVOM SVETSKOM RATU"},"content":{"rendered":"<p>SVILAJNAC- Svilajnac je u Prvom svetskom ratu oslobo\u0111en 27. oktobra 1918. godine kada su srpski i francuski vojnici proterali deo nema\u010dke 217. divizije i u\u0161li u grad. U utorak 27. oktobra u 11 \u010dasova bi\u0107e obele\u017een dan oslobo\u0111enja Svilajnca. \u00a0Ceremoniji polaganja venaca prirsustvova\u0107e predsednik op\u0161tine Svilajnac, Predrag Milanovi\u0107, vojni ata\u0161e Francuske u Srbiji Colonel Laurent Vonderscher, kao i predstavnici Udru\u017eenja ratnih dobrovoljaca 1912.-1918. njihovih potomaka I po\u0161tovalaca Stevan Sin\u0111eli\u0107.<\/p>\n","protected":false},"excerpt":{"rendered":"<p>SVILAJNAC- Svilajnac je u Prvom svetskom ratu oslobo\u0111en 27. oktobra 1918. godine kada su srpski i francuski vojnici proterali deo nema\u010dke 217. divizije i u\u0161li &hellip; <\/p>\n","protected":false},"author":2,"featured_media":25367,"comment_status":"open","ping_status":"open","sticky":false,"template":"","format":"standard","meta":{"footnotes":""},"categories":[14,1524,2,887,12,1517],"tags":[2432,2431,4889,38],"_links":{"self":[{"href":"https:\/\/centralmedia.rs\/index.php\/wp-json\/wp\/v2\/posts\/25366"}],"collection":[{"href":"https:\/\/centralmedia.rs\/index.php\/wp-json\/wp\/v2\/posts"}],"about":[{"href":"https:\/\/centralmedia.rs\/index.php\/wp-json\/wp\/v2\/types\/post"}],"author":[{"embeddable":true,"href":"https:\/\/centralmedia.rs\/index.php\/wp-json\/wp\/v2\/users\/2"}],"replies":[{"embeddable":true,"href":"https:\/\/centralmedia.rs\/index.php\/wp-json\/wp\/v2\/comments?post=25366"}],"version-history":[{"count":1,"href":"https:\/\/centralmedia.rs\/index.php\/wp-json\/wp\/v2\/posts\/25366\/revisions"}],"predecessor-version":[{"id":25368,"href":"https:\/\/centralmedia.rs\/index.php\/wp-json\/wp\/v2\/posts\/25366\/revisions\/25368"}],"wp:featuredmedia":[{"embeddable":true,"href":"https:\/\/centralmedia.rs\/index.php\/wp-json\/wp\/v2\/media\/25367"}],"wp:attachment":[{"href":"https:\/\/centralmedia.rs\/index.php\/wp-json\/wp\/v2\/media?parent=25366"}],"wp:term":[{"taxonomy":"category","embeddable":true,"href":"https:\/\/centralmedia.rs\/index.php\/wp-json\/wp\/v2\/categories?post=25366"},{"taxonomy":"post_tag","embeddable":true,"href":"https:\/\/centralmedia.rs\/index.php\/wp-json\/wp\/v2\/tags?post=25366"}],"curies":[{"name":"wp","href":"https:\/\/api.w.org\/{rel}","templated":true}]}}