{"id":25385,"date":"2020-10-23T11:32:56","date_gmt":"2020-10-23T11:32:56","guid":{"rendered":"http:\/\/centralmedia.rs\/?p=25385"},"modified":"2020-10-29T22:28:59","modified_gmt":"2020-10-29T22:28:59","slug":"jos-jedna-nagrada-nizu-za-tv-centar","status":"publish","type":"post","link":"https:\/\/centralmedia.rs\/index.php\/2020\/10\/23\/jos-jedna-nagrada-nizu-za-tv-centar\/","title":{"rendered":"JO\u0160 JEDNA NAGRADA NIZU ZA TV CENTAR"},"content":{"rendered":"<p>SVILAJNAC-Dokumentarni film &#8220;I sutra je \u0110ur\u0111evdan&#8221;, u produkciji TV CENTAR iz Svilajnca, dobitnik je nagrade za NAJBOLJI FILM U OBLASTI ETNO KULTURE \u017dIVOTA NA SELU na 4. Internacionalnom festivalu turisti\u010dko-ekolo\u0161kog i dokumentarnog filma Vrmd\u017eafest 2020. Saop\u0161tenje i obrazlo\u017eenje svih odluka \u017eirija bi\u0107e objavljeno na sutra\u0161njoj konferenciji za medije u Filmskom centru Srbije, dok \u0107e se ceremonija dodele nagrada odr\u017eati po\u010detkom novembra u Jugoslovenskoj kinoteci.<\/p>\n<div id='gallery-1' class='gallery galleryid-25385 gallery-columns-7 gallery-size-thumbnail'><figure class='gallery-item'>\n\t\t\t<div class='gallery-icon landscape'>\n\t\t\t\t<a href='https:\/\/centralmedia.rs\/index.php\/2020\/10\/23\/jos-jedna-nagrada-nizu-za-tv-centar\/tv-centar-1\/'><img loading=\"lazy\" decoding=\"async\" width=\"150\" height=\"150\" src=\"https:\/\/centralmedia.rs\/wp-content\/uploads\/2020\/10\/tv-centar-1-150x150.jpg\" class=\"attachment-thumbnail size-thumbnail\" alt=\"\" srcset=\"https:\/\/centralmedia.rs\/wp-content\/uploads\/2020\/10\/tv-centar-1-150x150.jpg 150w, https:\/\/centralmedia.rs\/wp-content\/uploads\/2020\/10\/tv-centar-1-300x300.jpg 300w, https:\/\/centralmedia.rs\/wp-content\/uploads\/2020\/10\/tv-centar-1-768x768.jpg 768w, https:\/\/centralmedia.rs\/wp-content\/uploads\/2020\/10\/tv-centar-1-1024x1024.jpg 1024w, https:\/\/centralmedia.rs\/wp-content\/uploads\/2020\/10\/tv-centar-1-420x420.jpg 420w, https:\/\/centralmedia.rs\/wp-content\/uploads\/2020\/10\/tv-centar-1-640x640.jpg 640w, https:\/\/centralmedia.rs\/wp-content\/uploads\/2020\/10\/tv-centar-1-681x681.jpg 681w, https:\/\/centralmedia.rs\/wp-content\/uploads\/2020\/10\/tv-centar-1.jpg 2030w\" sizes=\"(max-width: 150px) 100vw, 150px\" \/><\/a>\n\t\t\t<\/div><\/figure><figure class='gallery-item'>\n\t\t\t<div class='gallery-icon portrait'>\n\t\t\t\t<a href='https:\/\/centralmedia.rs\/index.php\/2020\/10\/23\/jos-jedna-nagrada-nizu-za-tv-centar\/tv-centar-4\/'><img loading=\"lazy\" decoding=\"async\" width=\"150\" height=\"150\" src=\"https:\/\/centralmedia.rs\/wp-content\/uploads\/2020\/10\/tv-centar-150x150.jpg\" class=\"attachment-thumbnail size-thumbnail\" alt=\"\" \/><\/a>\n\t\t\t<\/div><\/figure><figure class='gallery-item'>\n\t\t\t<div class='gallery-icon landscape'>\n\t\t\t\t<a href='https:\/\/centralmedia.rs\/index.php\/2020\/10\/23\/jos-jedna-nagrada-nizu-za-tv-centar\/tv-centar2-2\/'><img loading=\"lazy\" decoding=\"async\" width=\"150\" height=\"150\" src=\"https:\/\/centralmedia.rs\/wp-content\/uploads\/2020\/10\/tv-centar2-150x150.jpg\" class=\"attachment-thumbnail size-thumbnail\" alt=\"\" srcset=\"https:\/\/centralmedia.rs\/wp-content\/uploads\/2020\/10\/tv-centar2-150x150.jpg 150w, https:\/\/centralmedia.rs\/wp-content\/uploads\/2020\/10\/tv-centar2-300x300.jpg 300w, https:\/\/centralmedia.rs\/wp-content\/uploads\/2020\/10\/tv-centar2-768x768.jpg 768w, https:\/\/centralmedia.rs\/wp-content\/uploads\/2020\/10\/tv-centar2-1024x1024.jpg 1024w, https:\/\/centralmedia.rs\/wp-content\/uploads\/2020\/10\/tv-centar2-420x420.jpg 420w, https:\/\/centralmedia.rs\/wp-content\/uploads\/2020\/10\/tv-centar2-640x640.jpg 640w, https:\/\/centralmedia.rs\/wp-content\/uploads\/2020\/10\/tv-centar2-681x681.jpg 681w, https:\/\/centralmedia.rs\/wp-content\/uploads\/2020\/10\/tv-centar2.jpg 2047w\" sizes=\"(max-width: 150px) 100vw, 150px\" \/><\/a>\n\t\t\t<\/div><\/figure><figure class='gallery-item'>\n\t\t\t<div class='gallery-icon portrait'>\n\t\t\t\t<a href='https:\/\/centralmedia.rs\/index.php\/2020\/10\/23\/jos-jedna-nagrada-nizu-za-tv-centar\/tv-centar4\/'><img loading=\"lazy\" decoding=\"async\" width=\"150\" height=\"150\" src=\"https:\/\/centralmedia.rs\/wp-content\/uploads\/2020\/10\/tv-centar4-150x150.jpg\" class=\"attachment-thumbnail size-thumbnail\" alt=\"\" \/><\/a>\n\t\t\t<\/div><\/figure><figure class='gallery-item'>\n\t\t\t<div class='gallery-icon portrait'>\n\t\t\t\t<a href='https:\/\/centralmedia.rs\/index.php\/2020\/10\/23\/jos-jedna-nagrada-nizu-za-tv-centar\/tv-centar5\/'><img loading=\"lazy\" decoding=\"async\" width=\"150\" height=\"150\" src=\"https:\/\/centralmedia.rs\/wp-content\/uploads\/2020\/10\/tv-centar5-150x150.jpg\" class=\"attachment-thumbnail size-thumbnail\" alt=\"\" \/><\/a>\n\t\t\t<\/div><\/figure><figure class='gallery-item'>\n\t\t\t<div class='gallery-icon portrait'>\n\t\t\t\t<a href='https:\/\/centralmedia.rs\/index.php\/2020\/10\/23\/jos-jedna-nagrada-nizu-za-tv-centar\/tv-centar6\/'><img loading=\"lazy\" decoding=\"async\" width=\"150\" height=\"150\" src=\"https:\/\/centralmedia.rs\/wp-content\/uploads\/2020\/10\/tv-centar6-150x150.jpg\" class=\"attachment-thumbnail size-thumbnail\" alt=\"\" \/><\/a>\n\t\t\t<\/div><\/figure><figure class='gallery-item'>\n\t\t\t<div class='gallery-icon landscape'>\n\t\t\t\t<a href='https:\/\/centralmedia.rs\/index.php\/2020\/10\/23\/jos-jedna-nagrada-nizu-za-tv-centar\/tv-centar7\/'><img loading=\"lazy\" decoding=\"async\" width=\"150\" height=\"150\" src=\"https:\/\/centralmedia.rs\/wp-content\/uploads\/2020\/10\/tv-centar7-150x150.jpg\" class=\"attachment-thumbnail size-thumbnail\" alt=\"\" \/><\/a>\n\t\t\t<\/div><\/figure>\n\t\t<\/div>\n\n<p>-Me\u0161tani Opari\u0107a pripremaju krsnu slavu posve\u0107enu Svetom velikomu\u010deniku Georgiju i veli\u010daju praznik koji ispra\u0107a zimu, razbuktava prole\u0107e i budi sva \u010dula. Uprkos plodnoj zemlji, u Opari\u0107u je sve manje obra\u0111enih oranica, a sve vi\u0161e korova i napu\u0161tenih kapija. Ipak, ljudi, biljke i legende u ovom leva\u010dkom selu jo\u0161 uvek zajedno pletu \u017eivopisne \u0111ur\u0111evdanske ven\u010di\u0107e. Od iskona do Instagrama. \u0110ur\u0111evdan se od 2015. godine nalazi u Nacionalnom registru Nematerijalnog kulturnog nasle\u0111a Srbije. Ovaj hri\u0161\u0107anski i narodni praznik obele\u017eava se u celoj Srbiji, ali svaki region neguje specifi\u010dna verovanja i obi\u010daje kojima proslavlja \u0110ur\u0111evdan, stoji u opisu radnje dokumentarca.<\/p>\n","protected":false},"excerpt":{"rendered":"<p>SVILAJNAC-Dokumentarni film &#8220;I sutra je \u0110ur\u0111evdan&#8221;, u produkciji TV CENTAR iz Svilajnca, dobitnik je nagrade za NAJBOLJI FILM U OBLASTI ETNO KULTURE \u017dIVOTA NA SELU &hellip; <\/p>\n","protected":false},"author":2,"featured_media":25386,"comment_status":"open","ping_status":"open","sticky":false,"template":"","format":"standard","meta":{"footnotes":""},"categories":[1524,2,15,887,12,1517],"tags":[4896,540,264,4897],"_links":{"self":[{"href":"https:\/\/centralmedia.rs\/index.php\/wp-json\/wp\/v2\/posts\/25385"}],"collection":[{"href":"https:\/\/centralmedia.rs\/index.php\/wp-json\/wp\/v2\/posts"}],"about":[{"href":"https:\/\/centralmedia.rs\/index.php\/wp-json\/wp\/v2\/types\/post"}],"author":[{"embeddable":true,"href":"https:\/\/centralmedia.rs\/index.php\/wp-json\/wp\/v2\/users\/2"}],"replies":[{"embeddable":true,"href":"https:\/\/centralmedia.rs\/index.php\/wp-json\/wp\/v2\/comments?post=25385"}],"version-history":[{"count":1,"href":"https:\/\/centralmedia.rs\/index.php\/wp-json\/wp\/v2\/posts\/25385\/revisions"}],"predecessor-version":[{"id":25394,"href":"https:\/\/centralmedia.rs\/index.php\/wp-json\/wp\/v2\/posts\/25385\/revisions\/25394"}],"wp:featuredmedia":[{"embeddable":true,"href":"https:\/\/centralmedia.rs\/index.php\/wp-json\/wp\/v2\/media\/25386"}],"wp:attachment":[{"href":"https:\/\/centralmedia.rs\/index.php\/wp-json\/wp\/v2\/media?parent=25385"}],"wp:term":[{"taxonomy":"category","embeddable":true,"href":"https:\/\/centralmedia.rs\/index.php\/wp-json\/wp\/v2\/categories?post=25385"},{"taxonomy":"post_tag","embeddable":true,"href":"https:\/\/centralmedia.rs\/index.php\/wp-json\/wp\/v2\/tags?post=25385"}],"curies":[{"name":"wp","href":"https:\/\/api.w.org\/{rel}","templated":true}]}}