{"id":2539,"date":"2016-03-27T22:33:09","date_gmt":"2016-03-27T22:33:09","guid":{"rendered":"http:\/\/centralmedia.rs\/?p=2539"},"modified":"2016-03-27T22:34:03","modified_gmt":"2016-03-27T22:34:03","slug":"sns-u-jagodini-najavljuje-apsolutnu-pobedu","status":"publish","type":"post","link":"https:\/\/centralmedia.rs\/index.php\/2016\/03\/27\/sns-u-jagodini-najavljuje-apsolutnu-pobedu\/","title":{"rendered":"SNS U JAGODINI NAJAVLJUJE APSOLUTNU POBEDU"},"content":{"rendered":"<p>JAGODINA \u2013Prvi na listi kandidata za odbornike SNS u Jagodini i predsednik gradskog odbora te stranke Nikola Radosavljevi\u0107 izjavio je u Dragocvetu kod Jagodine da ta stranka \u017eeli apsolutnu pobedu na lokalnim izborima, odnosno ,,50 procenata plus jedan glas&#8221;.<br \/>\n\t-Pre dve godine u Jagodini  SNS je ubedljivo pobedila na parlamentranim izborima. O\u010dekujem od vas da 24. aprila bude jo\u0161 ubedljivija. Ho\u0107emo 50 procenata plus jedan glas. Taj glas to ste svi vi. Zato je Aleksandar Vu\u010di\u0107 napravio tim za Jagodinu koji broji 31. kandidata za odbornike. To su najbolji i najuspe\u0161niji, najugledniji i najpo\u0161tenji ljudi koje Jagodina danas ima, rekao je Radosavljevi\u0107 me\u0161tanima Dragocveta i poru\u010dio  da ,,Jagodina do\u017eivljava promene koje vi\u0161e niko ne mo\u017ee da zaustavi\u201d.<a href=\"https:\/\/centralmedia.rs\/wp-content\/uploads\/2016\/03\/dragocvet.jpg\" rel=\"attachment wp-att-2541\"><img loading=\"lazy\" decoding=\"async\" src=\"https:\/\/centralmedia.rs\/wp-content\/uploads\/2016\/03\/dragocvet-300x201.jpg\" alt=\"dragocvet\" width=\"300\" height=\"201\" class=\"alignnone size-medium wp-image-2541\" srcset=\"https:\/\/centralmedia.rs\/wp-content\/uploads\/2016\/03\/dragocvet-300x201.jpg 300w, https:\/\/centralmedia.rs\/wp-content\/uploads\/2016\/03\/dragocvet-768x514.jpg 768w, https:\/\/centralmedia.rs\/wp-content\/uploads\/2016\/03\/dragocvet.jpg 960w\" sizes=\"(max-width: 300px) 100vw, 300px\" \/><\/a><br \/>\n\t-Premijer Aleksandar Vu\u010di\u0107 je nedavno potpisao ugovor sa nema\u010dkim kompanijom Tenis za proizvodnju i preradu mesa, to je ono \u0161to \u0107e da osigura budu\u0107nost sela, bolji \u017eivot, zadr\u017ea\u0107e seljaka na ognji\u0161tu, istakao on, apostrofiraju\u0107i energiju okupljenih me\u0161tana Dragocveta.<br \/>\n        -Drago mi je \u0161to vas vidim u ovolikom broju i \u0161to ose\u0107am va\u0161u snagu i energiju koju nosite sa sobom. Tu enegriju podjednako nama daje na\u0161 predsednik i premijer Aleksandar Vu\u010di\u0107. On je taj koji nas pokre\u0107e, cene ga na istoku i zapadu, sara\u0111uje sa Kinom,Rusijom i Amerikom, da bi mi \u017eiveli bolje, naglasio je Radosavljevi\u0107.<a href=\"https:\/\/centralmedia.rs\/wp-content\/uploads\/2016\/03\/dragocvet-2.jpg\" rel=\"attachment wp-att-2542\"><img loading=\"lazy\" decoding=\"async\" src=\"https:\/\/centralmedia.rs\/wp-content\/uploads\/2016\/03\/dragocvet-2-300x201.jpg\" alt=\"dragocvet 2\" width=\"300\" height=\"201\" class=\"alignnone size-medium wp-image-2542\" srcset=\"https:\/\/centralmedia.rs\/wp-content\/uploads\/2016\/03\/dragocvet-2-300x201.jpg 300w, https:\/\/centralmedia.rs\/wp-content\/uploads\/2016\/03\/dragocvet-2-768x515.jpg 768w, https:\/\/centralmedia.rs\/wp-content\/uploads\/2016\/03\/dragocvet-2.jpg 960w\" sizes=\"(max-width: 300px) 100vw, 300px\" \/><\/a><br \/>\n\u010clan predsedni\u0161tva SNS Marko \u0110uri\u0107 tako\u0111e je najavio ,,promene u Jagodini\u201d , te objasnio da se za Srbiju i za Kosovo danas vodi najodlu\u010dnija i nasna\u017enija bitka, a da se ta borba vodi kroz ja\u010danje institucija i jedinstvo.<br \/>\n         -Da bi Srbija bila jaka kao crna zemlja, da bi pobe\u0111ivala, ona mora da ima sna\u017enu dr\u017eavu iza sebe\u201d, poru\u010dio je \u0110uri\u0107 na tribini SNS u Dragocvetu dodaju\u0107i da se taj cilj mo\u017ee ostvariti ukoliko dr\u017eava iza sebe ima sna\u017enu vladu.<br \/>\n\u0110uri\u0107 je rekao da se 24. aprila bira izme\u0111u Aleksandra Vu\u010di\u0107 i njegove borbe da Srbija bude bolja i ostalih, \u010dija je glavna karakteristika da su ujedinjeni samo oko toga kako \u0107e da podele vlast poput feuda i zasednu u fotelje.<a href=\"https:\/\/centralmedia.rs\/wp-content\/uploads\/2016\/03\/dragocvet-4.jpg\" rel=\"attachment wp-att-2543\"><img loading=\"lazy\" decoding=\"async\" src=\"https:\/\/centralmedia.rs\/wp-content\/uploads\/2016\/03\/dragocvet-4-300x201.jpg\" alt=\"dragocvet 4\" width=\"300\" height=\"201\" class=\"alignnone size-medium wp-image-2543\" srcset=\"https:\/\/centralmedia.rs\/wp-content\/uploads\/2016\/03\/dragocvet-4-300x201.jpg 300w, https:\/\/centralmedia.rs\/wp-content\/uploads\/2016\/03\/dragocvet-4-768x514.jpg 768w, https:\/\/centralmedia.rs\/wp-content\/uploads\/2016\/03\/dragocvet-4.jpg 960w\" sizes=\"(max-width: 300px) 100vw, 300px\" \/><\/a><br \/>\nOn je dodao da je vlast u prethodna 22 meseca uspela da zaustavi pad Srbije, a da \u0107e je u naredne \u010detiri godine uspraviti.<br \/>\n          -Zavetujem vam se, dok god postojim i dok god postoji SNS, bori\u0107u se da na\u0161u Srbiju dignemo na noge, rekao je \u0110uri\u0107.<br \/>\n\u010clan Glavnog odbora SNS Tihomir Arsi\u0107 rekao je da su njegove strepnje prestale da postoje od kako je Srpska napredna stranka na \u010delu sa Aleksandrom Vu\u010di\u0107em preuzela odgovornost.<a href=\"https:\/\/centralmedia.rs\/wp-content\/uploads\/2016\/03\/nikola-i-marko.jpg\" rel=\"attachment wp-att-2544\"><img loading=\"lazy\" decoding=\"async\" src=\"https:\/\/centralmedia.rs\/wp-content\/uploads\/2016\/03\/nikola-i-marko-210x300.jpg\" alt=\"nikola i marko\" width=\"210\" height=\"300\" class=\"alignnone size-medium wp-image-2544\" srcset=\"https:\/\/centralmedia.rs\/wp-content\/uploads\/2016\/03\/nikola-i-marko-210x300.jpg 210w, https:\/\/centralmedia.rs\/wp-content\/uploads\/2016\/03\/nikola-i-marko.jpg 631w\" sizes=\"(max-width: 210px) 100vw, 210px\" \/><\/a><br \/>\n           -Siguran sam da \u0107emo nastaviti pobedni\u010dkim putem, a na\u0161e pobede su svaki kilometer puta, svako otvoreno radno mesto, svaki razgovor i svaki novi ste\u010den prijatelj, zaklju\u010dio je Arsi\u0107 pozivaju\u0107i okupljene gra\u0111ane da se ujedine u borbi za Srbiju.<\/p>\n","protected":false},"excerpt":{"rendered":"<p>JAGODINA \u2013Prvi na listi kandidata za odbornike SNS u Jagodini i predsednik gradskog odbora te stranke Nikola Radosavljevi\u0107 izjavio je u Dragocvetu kod Jagodine da &hellip; <\/p>\n","protected":false},"author":4,"featured_media":2540,"comment_status":"open","ping_status":"open","sticky":false,"template":"","format":"standard","meta":{"footnotes":""},"categories":[2,13,12],"tags":[58,655,136,656],"_links":{"self":[{"href":"https:\/\/centralmedia.rs\/index.php\/wp-json\/wp\/v2\/posts\/2539"}],"collection":[{"href":"https:\/\/centralmedia.rs\/index.php\/wp-json\/wp\/v2\/posts"}],"about":[{"href":"https:\/\/centralmedia.rs\/index.php\/wp-json\/wp\/v2\/types\/post"}],"author":[{"embeddable":true,"href":"https:\/\/centralmedia.rs\/index.php\/wp-json\/wp\/v2\/users\/4"}],"replies":[{"embeddable":true,"href":"https:\/\/centralmedia.rs\/index.php\/wp-json\/wp\/v2\/comments?post=2539"}],"version-history":[{"count":0,"href":"https:\/\/centralmedia.rs\/index.php\/wp-json\/wp\/v2\/posts\/2539\/revisions"}],"wp:featuredmedia":[{"embeddable":true,"href":"https:\/\/centralmedia.rs\/index.php\/wp-json\/wp\/v2\/media\/2540"}],"wp:attachment":[{"href":"https:\/\/centralmedia.rs\/index.php\/wp-json\/wp\/v2\/media?parent=2539"}],"wp:term":[{"taxonomy":"category","embeddable":true,"href":"https:\/\/centralmedia.rs\/index.php\/wp-json\/wp\/v2\/categories?post=2539"},{"taxonomy":"post_tag","embeddable":true,"href":"https:\/\/centralmedia.rs\/index.php\/wp-json\/wp\/v2\/tags?post=2539"}],"curies":[{"name":"wp","href":"https:\/\/api.w.org\/{rel}","templated":true}]}}