{"id":25404,"date":"2020-10-23T16:59:56","date_gmt":"2020-10-23T16:59:56","guid":{"rendered":"http:\/\/centralmedia.rs\/?p=25404"},"modified":"2020-10-29T22:29:22","modified_gmt":"2020-10-29T22:29:22","slug":"marko-stojkovic-po-ugledu-na-svog-poznatijeg-brata-milosa-prekinuo-merditu","status":"publish","type":"post","link":"https:\/\/centralmedia.rs\/index.php\/2020\/10\/23\/marko-stojkovic-po-ugledu-na-svog-poznatijeg-brata-milosa-prekinuo-merditu\/","title":{"rendered":"MARKO STOJKOVI\u0106, PO UGLEDU NA SVOG POZNATIJEG BRATA MILO\u0160A,  PREKINUO ,,MERDITU\u201d"},"content":{"rendered":"<p>BEOGRAD- Marko Stojkovi\u0107 iz Para\u0107ina, ro\u0111eni brat Milo\u0161a verskog analiti\u010dara i \u00a0poverenika manastira Hilandar, sino\u0107 je prekinuo manifestacija ,,Merdita, dobar dan\u201d u Beogradu. On je na trenutak uzeo mikrofon i zahtevao da mu se omogu\u0107i povratak na Kosovo i Metohiju, te rodnu Vitinu, odakle je porodica Stojkovi\u0107 raseljena u Para\u0107in.<\/p>\n<p>-Mi, Srbi, se vas pla\u0161imo. \u00a0\u00a0Vratite me ku\u0107i, ja sam raseljeno dete. Mene su uni\u0161tili i moje detinjstvo. Vratite me ku\u0107i. Gde su na\u0161e, srpske \u017ertve, vikao je Marko Stojkovi\u0107 dok ga je obezbe\u0111enje odvodilo sa bine.<\/p>\n<div id='gallery-1' class='gallery galleryid-25404 gallery-columns-3 gallery-size-full'><figure class='gallery-item'>\n\t\t\t<div class='gallery-icon landscape'>\n\t\t\t\t<a href='https:\/\/centralmedia.rs\/index.php\/2020\/10\/23\/marko-stojkovic-po-ugledu-na-svog-poznatijeg-brata-milosa-prekinuo-merditu\/marko-stojkovic\/'><img loading=\"lazy\" decoding=\"async\" width=\"1800\" height=\"876\" src=\"https:\/\/centralmedia.rs\/wp-content\/uploads\/2020\/10\/marko-stojkovic.jpg\" class=\"attachment-full size-full\" alt=\"\" srcset=\"https:\/\/centralmedia.rs\/wp-content\/uploads\/2020\/10\/marko-stojkovic.jpg 1800w, https:\/\/centralmedia.rs\/wp-content\/uploads\/2020\/10\/marko-stojkovic-300x146.jpg 300w, https:\/\/centralmedia.rs\/wp-content\/uploads\/2020\/10\/marko-stojkovic-768x374.jpg 768w, https:\/\/centralmedia.rs\/wp-content\/uploads\/2020\/10\/marko-stojkovic-1024x498.jpg 1024w, https:\/\/centralmedia.rs\/wp-content\/uploads\/2020\/10\/marko-stojkovic-863x420.jpg 863w, https:\/\/centralmedia.rs\/wp-content\/uploads\/2020\/10\/marko-stojkovic-640x311.jpg 640w, https:\/\/centralmedia.rs\/wp-content\/uploads\/2020\/10\/marko-stojkovic-681x331.jpg 681w\" sizes=\"(max-width: 1800px) 100vw, 1800px\" \/><\/a>\n\t\t\t<\/div><\/figure><figure class='gallery-item'>\n\t\t\t<div class='gallery-icon landscape'>\n\t\t\t\t<a href='https:\/\/centralmedia.rs\/index.php\/2020\/10\/23\/marko-stojkovic-po-ugledu-na-svog-poznatijeg-brata-milosa-prekinuo-merditu\/marko-stojkovic1\/'><img loading=\"lazy\" decoding=\"async\" width=\"1800\" height=\"876\" src=\"https:\/\/centralmedia.rs\/wp-content\/uploads\/2020\/10\/marko-stojkovic1.jpg\" class=\"attachment-full size-full\" alt=\"\" srcset=\"https:\/\/centralmedia.rs\/wp-content\/uploads\/2020\/10\/marko-stojkovic1.jpg 1800w, https:\/\/centralmedia.rs\/wp-content\/uploads\/2020\/10\/marko-stojkovic1-300x146.jpg 300w, https:\/\/centralmedia.rs\/wp-content\/uploads\/2020\/10\/marko-stojkovic1-768x374.jpg 768w, https:\/\/centralmedia.rs\/wp-content\/uploads\/2020\/10\/marko-stojkovic1-1024x498.jpg 1024w, https:\/\/centralmedia.rs\/wp-content\/uploads\/2020\/10\/marko-stojkovic1-863x420.jpg 863w, https:\/\/centralmedia.rs\/wp-content\/uploads\/2020\/10\/marko-stojkovic1-640x311.jpg 640w, https:\/\/centralmedia.rs\/wp-content\/uploads\/2020\/10\/marko-stojkovic1-681x331.jpg 681w\" sizes=\"(max-width: 1800px) 100vw, 1800px\" \/><\/a>\n\t\t\t<\/div><\/figure><figure class='gallery-item'>\n\t\t\t<div class='gallery-icon landscape'>\n\t\t\t\t<a href='https:\/\/centralmedia.rs\/index.php\/2020\/10\/23\/marko-stojkovic-po-ugledu-na-svog-poznatijeg-brata-milosa-prekinuo-merditu\/marko-stojkovic2\/'><img loading=\"lazy\" decoding=\"async\" width=\"1800\" height=\"876\" src=\"https:\/\/centralmedia.rs\/wp-content\/uploads\/2020\/10\/marko-stojkovic2.jpg\" class=\"attachment-full size-full\" alt=\"\" srcset=\"https:\/\/centralmedia.rs\/wp-content\/uploads\/2020\/10\/marko-stojkovic2.jpg 1800w, https:\/\/centralmedia.rs\/wp-content\/uploads\/2020\/10\/marko-stojkovic2-300x146.jpg 300w, https:\/\/centralmedia.rs\/wp-content\/uploads\/2020\/10\/marko-stojkovic2-768x374.jpg 768w, https:\/\/centralmedia.rs\/wp-content\/uploads\/2020\/10\/marko-stojkovic2-1024x498.jpg 1024w, https:\/\/centralmedia.rs\/wp-content\/uploads\/2020\/10\/marko-stojkovic2-863x420.jpg 863w, https:\/\/centralmedia.rs\/wp-content\/uploads\/2020\/10\/marko-stojkovic2-640x311.jpg 640w, https:\/\/centralmedia.rs\/wp-content\/uploads\/2020\/10\/marko-stojkovic2-681x331.jpg 681w\" sizes=\"(max-width: 1800px) 100vw, 1800px\" \/><\/a>\n\t\t\t<\/div><\/figure>\n\t\t<\/div>\n\n<p>Njegov poznatiji brat Milo\u0161 Stojkovi\u0107 iz Koalicije raseljenih sa KiM je pre nekoliko godina prekinuo je tribinu u Centru za kulturnu dokumentaciju povicima \u201eKosovo deo Srbije\u201d i tra\u017ee\u0107i da se govori o otetima i nestalim Srbima.<\/p>\n<p>\u201eZa\u0161to o tome ne govorite? Zbog \u010dega je to zabranjena tema za organizatora skupa? Ja sam proteran iz svoje ku\u0107e i omogu\u0107ite mi da se vratim\u201d, vikao je Stojkovi\u0107, pominju\u0107i \u0161ta su sve Albanci radili lokalnim Srbima. Situacija je dovedena do usijanja kada je jedan od mu\u0161karaca Stojkovi\u0107u opsovao \u201emajku srpsku\u201d, na \u0161ta je on burno reagovao. Stojkovi\u0107a je potom nekoliko mladi\u0107a izvelo Stojkovi\u0107a iz sale, dok ga je smirivao Sima Spasi\u0107 iz Udru\u017eenja kidnapovanih i ubijenih na KiM.<\/p>\n","protected":false},"excerpt":{"rendered":"<p>BEOGRAD- Marko Stojkovi\u0107 iz Para\u0107ina, ro\u0111eni brat Milo\u0161a verskog analiti\u010dara i \u00a0poverenika manastira Hilandar, sino\u0107 je prekinuo manifestacija ,,Merdita, dobar dan\u201d u Beogradu. On je &hellip; <\/p>\n","protected":false},"author":2,"featured_media":25405,"comment_status":"open","ping_status":"open","sticky":false,"template":"","format":"standard","meta":{"footnotes":""},"categories":[20,2,12],"tags":[4905,4903,4904],"_links":{"self":[{"href":"https:\/\/centralmedia.rs\/index.php\/wp-json\/wp\/v2\/posts\/25404"}],"collection":[{"href":"https:\/\/centralmedia.rs\/index.php\/wp-json\/wp\/v2\/posts"}],"about":[{"href":"https:\/\/centralmedia.rs\/index.php\/wp-json\/wp\/v2\/types\/post"}],"author":[{"embeddable":true,"href":"https:\/\/centralmedia.rs\/index.php\/wp-json\/wp\/v2\/users\/2"}],"replies":[{"embeddable":true,"href":"https:\/\/centralmedia.rs\/index.php\/wp-json\/wp\/v2\/comments?post=25404"}],"version-history":[{"count":3,"href":"https:\/\/centralmedia.rs\/index.php\/wp-json\/wp\/v2\/posts\/25404\/revisions"}],"predecessor-version":[{"id":25410,"href":"https:\/\/centralmedia.rs\/index.php\/wp-json\/wp\/v2\/posts\/25404\/revisions\/25410"}],"wp:featuredmedia":[{"embeddable":true,"href":"https:\/\/centralmedia.rs\/index.php\/wp-json\/wp\/v2\/media\/25405"}],"wp:attachment":[{"href":"https:\/\/centralmedia.rs\/index.php\/wp-json\/wp\/v2\/media?parent=25404"}],"wp:term":[{"taxonomy":"category","embeddable":true,"href":"https:\/\/centralmedia.rs\/index.php\/wp-json\/wp\/v2\/categories?post=25404"},{"taxonomy":"post_tag","embeddable":true,"href":"https:\/\/centralmedia.rs\/index.php\/wp-json\/wp\/v2\/tags?post=25404"}],"curies":[{"name":"wp","href":"https:\/\/api.w.org\/{rel}","templated":true}]}}