{"id":25438,"date":"2020-10-27T17:16:18","date_gmt":"2020-10-27T17:16:18","guid":{"rendered":"http:\/\/centralmedia.rs\/?p=25438"},"modified":"2020-11-04T14:57:38","modified_gmt":"2020-11-04T14:57:38","slug":"dan-oslobodenja-svilajnca-u-prvom-svetskom-ratu","status":"publish","type":"post","link":"https:\/\/centralmedia.rs\/index.php\/2020\/10\/27\/dan-oslobodenja-svilajnca-u-prvom-svetskom-ratu\/","title":{"rendered":"DAN OSLOBO\u0110ENJA SVILAJNCA U PRVOM SVETSKOM RATU"},"content":{"rendered":"<p>SVILAJNAC-Ispred spomenika Mari Resavkinji danas je obele\u017een dan oslobo\u0111enja Svilajnca. Svilajnac je u Prvom svetskom ratu oslobo\u0111en 27. oktobra 1918. godine kada su srpski i francuski vojnici proterali deo nema\u010dke 217. divizije i u\u0161li u grad. Na isti dan 27. oktobra 1915. godine Svilajnac je i okupiran. Ceremoniji polaganja venaca prisustvovali su zamenica predsednika op\u0161tine Svilajnac, Dragana Radevi\u0107, vojni ata\u0161e Francuske u Srbiji colonel Laurent Vonderscher, predsednik SO Svilajnac Miroslav Marinkovi\u0107, predstavnici Udru\u017eenja ratnih dobrovoljaca 1912-1918 njihovih potomaka i po\u0161tovalaca Stevan Sin\u0111eli\u0107.<\/p>\n<div id='gallery-1' class='gallery galleryid-25438 gallery-columns-6 gallery-size-thumbnail'><figure class='gallery-item'>\n\t\t\t<div class='gallery-icon portrait'>\n\t\t\t\t<a href='https:\/\/centralmedia.rs\/index.php\/2020\/10\/27\/dan-oslobodenja-svilajnca-u-prvom-svetskom-ratu\/svilajnac-9\/'><img loading=\"lazy\" decoding=\"async\" width=\"150\" height=\"150\" src=\"https:\/\/centralmedia.rs\/wp-content\/uploads\/2020\/10\/svilajnac-150x150.jpg\" class=\"attachment-thumbnail size-thumbnail\" alt=\"\" \/><\/a>\n\t\t\t<\/div><\/figure><figure class='gallery-item'>\n\t\t\t<div class='gallery-icon portrait'>\n\t\t\t\t<a href='https:\/\/centralmedia.rs\/index.php\/2020\/10\/27\/dan-oslobodenja-svilajnca-u-prvom-svetskom-ratu\/svilajnac2\/'><img loading=\"lazy\" decoding=\"async\" width=\"150\" height=\"150\" src=\"https:\/\/centralmedia.rs\/wp-content\/uploads\/2020\/10\/svilajnac2-150x150.jpg\" class=\"attachment-thumbnail size-thumbnail\" alt=\"\" \/><\/a>\n\t\t\t<\/div><\/figure><figure class='gallery-item'>\n\t\t\t<div class='gallery-icon portrait'>\n\t\t\t\t<a href='https:\/\/centralmedia.rs\/index.php\/2020\/10\/27\/dan-oslobodenja-svilajnca-u-prvom-svetskom-ratu\/svilajnac3\/'><img loading=\"lazy\" decoding=\"async\" width=\"150\" height=\"150\" src=\"https:\/\/centralmedia.rs\/wp-content\/uploads\/2020\/10\/svilajnac3-150x150.jpg\" class=\"attachment-thumbnail size-thumbnail\" alt=\"\" \/><\/a>\n\t\t\t<\/div><\/figure><figure class='gallery-item'>\n\t\t\t<div class='gallery-icon portrait'>\n\t\t\t\t<a href='https:\/\/centralmedia.rs\/index.php\/2020\/10\/27\/dan-oslobodenja-svilajnca-u-prvom-svetskom-ratu\/svilajnac4\/'><img loading=\"lazy\" decoding=\"async\" width=\"150\" height=\"150\" src=\"https:\/\/centralmedia.rs\/wp-content\/uploads\/2020\/10\/svilajnac4-150x150.jpg\" class=\"attachment-thumbnail size-thumbnail\" alt=\"\" \/><\/a>\n\t\t\t<\/div><\/figure><figure class='gallery-item'>\n\t\t\t<div class='gallery-icon portrait'>\n\t\t\t\t<a href='https:\/\/centralmedia.rs\/index.php\/2020\/10\/27\/dan-oslobodenja-svilajnca-u-prvom-svetskom-ratu\/svilajnac5\/'><img loading=\"lazy\" decoding=\"async\" width=\"150\" height=\"150\" src=\"https:\/\/centralmedia.rs\/wp-content\/uploads\/2020\/10\/svilajnac5-150x150.jpg\" class=\"attachment-thumbnail size-thumbnail\" alt=\"\" \/><\/a>\n\t\t\t<\/div><\/figure><figure class='gallery-item'>\n\t\t\t<div class='gallery-icon portrait'>\n\t\t\t\t<a href='https:\/\/centralmedia.rs\/index.php\/2020\/10\/27\/dan-oslobodenja-svilajnca-u-prvom-svetskom-ratu\/svilajnac6\/'><img loading=\"lazy\" decoding=\"async\" width=\"150\" height=\"150\" src=\"https:\/\/centralmedia.rs\/wp-content\/uploads\/2020\/10\/svilajnac6-150x150.jpg\" class=\"attachment-thumbnail size-thumbnail\" alt=\"\" \/><\/a>\n\t\t\t<\/div><\/figure>\n\t\t<\/div>\n\n<p>-Prvi put sam u Svilajncu i predstavljam ambasadora Francuske, koji trenutno nije u Srbiji ali \u0107e do\u0107i u Svilajnac po\u010detkom novembra. Velika mi je \u010dast da odam po\u010dast francuskim i srpskim vojnicima, a naro\u010dito ispred spomenika Mare Resavkinje koja je simbol slobode i nade. Oktobar i novembar su meseci \u017ertvovanja na\u0161ih naroda i zato se treba se\u0107ati podviga i \u017ertava, rekao je vojni ata\u0161e Francuske u Srbiji colonel Laurent Vonderscher<br \/>\nSpomenik poginulima podignut je 1926. godine. Na mermernom postamentu urezana su imena i postavljene fotografije izginulim ratnicima iz Resave. U oslobodila\u010dkim ratovima od 1912 do 1918 godine poginula su 353 vojnika iz Svilajnca.<br \/>\n-Emotivan sam danas, jer u Svilajncu nema ku\u0107e iz koje bar jedan mu\u0161karac nije poginuo i dao svoj \u017eivot za slobodu svih nas. To se isto desilo i u drugom svetskom ratu. Nema ku\u0107e i familije iz koje bar jedan mu\u0161akarac nije poginuo. Zato komunizam posle drugog svetskog rata nije imao uspeha u napretku. Nije politi\u010dki korektno re\u0107i, ali je to istina. Uspeli smo da sa\u010duvamo prijateljstvo sa Francuzima i mnogo je \u010dvr\u0161\u0107e nego u drugim krajevima Srbije, jer je general Tranije ovde umar\u0161irao. Francuzi su 2014. godine u vreme poplava doleteli u Svilajnac i pomogli. Pola stanovni\u0161tva je steklo imetak tamo i ovde ulo\u017eilo novac. U na\u0161e prijateljstvo su utkani velika ljubav, po\u0161tovanje i napredak. Po o\u010devoj strani trojica bra\u0107e borila su se u Velikom ratu, \u0110or\u0111e je sahranjen u Plavom grobnici, moj deda Radisav, koji je bio na oporavku od ranjavanja u Bizerti, i Steva su se vratili u Srbiju, rekao je predsednik SO Svilajnac Miroslav Marinkovi\u0107,<br \/>\nNa dana\u0161nji dan, pre 105 godina, upadom nema\u010dkih i austrougarskih snaga Svilajnac je u okupiran. Po\u010detkom 1916. godine upravu nad Svilajncem preuzima bugarski okupator koji \u010dini zlodela prema stanovni\u0161tvu i poku\u0161ava da ga nasilno asimiluje. Tako\u0111e, na dana\u0161nji dan, 1918. godine, Svilajnac je oslobo\u0111en ulaskom francuskih trupa predvo\u0111enih generalom Tranijeom. U znak se\u0107anja Svilajn\u010dake su mu darivale izvezenu zastavu koja se \u010duva u porodici Tranije.<\/p>\n","protected":false},"excerpt":{"rendered":"<p>SVILAJNAC-Ispred spomenika Mari Resavkinji danas je obele\u017een dan oslobo\u0111enja Svilajnca. Svilajnac je u Prvom svetskom ratu oslobo\u0111en 27. oktobra 1918. godine kada su srpski i &hellip; <\/p>\n","protected":false},"author":2,"featured_media":25439,"comment_status":"open","ping_status":"open","sticky":false,"template":"","format":"standard","meta":{"footnotes":""},"categories":[14,1524,2,887,12,1517],"tags":[2432,2431,38],"_links":{"self":[{"href":"https:\/\/centralmedia.rs\/index.php\/wp-json\/wp\/v2\/posts\/25438"}],"collection":[{"href":"https:\/\/centralmedia.rs\/index.php\/wp-json\/wp\/v2\/posts"}],"about":[{"href":"https:\/\/centralmedia.rs\/index.php\/wp-json\/wp\/v2\/types\/post"}],"author":[{"embeddable":true,"href":"https:\/\/centralmedia.rs\/index.php\/wp-json\/wp\/v2\/users\/2"}],"replies":[{"embeddable":true,"href":"https:\/\/centralmedia.rs\/index.php\/wp-json\/wp\/v2\/comments?post=25438"}],"version-history":[{"count":1,"href":"https:\/\/centralmedia.rs\/index.php\/wp-json\/wp\/v2\/posts\/25438\/revisions"}],"predecessor-version":[{"id":25446,"href":"https:\/\/centralmedia.rs\/index.php\/wp-json\/wp\/v2\/posts\/25438\/revisions\/25446"}],"wp:featuredmedia":[{"embeddable":true,"href":"https:\/\/centralmedia.rs\/index.php\/wp-json\/wp\/v2\/media\/25439"}],"wp:attachment":[{"href":"https:\/\/centralmedia.rs\/index.php\/wp-json\/wp\/v2\/media?parent=25438"}],"wp:term":[{"taxonomy":"category","embeddable":true,"href":"https:\/\/centralmedia.rs\/index.php\/wp-json\/wp\/v2\/categories?post=25438"},{"taxonomy":"post_tag","embeddable":true,"href":"https:\/\/centralmedia.rs\/index.php\/wp-json\/wp\/v2\/tags?post=25438"}],"curies":[{"name":"wp","href":"https:\/\/api.w.org\/{rel}","templated":true}]}}