{"id":25448,"date":"2020-10-29T07:55:15","date_gmt":"2020-10-29T07:55:15","guid":{"rendered":"http:\/\/centralmedia.rs\/?p=25448"},"modified":"2020-11-04T14:57:47","modified_gmt":"2020-11-04T14:57:47","slug":"bronza-za-ak-nasa-krila","status":"publish","type":"post","link":"https:\/\/centralmedia.rs\/index.php\/2020\/10\/29\/bronza-za-ak-nasa-krila\/","title":{"rendered":"BRONZA ZA AK \u201eNA\u0160A KRILA\u201c"},"content":{"rendered":"<p>PARA\u0106IN- Na Prvenstvu Srbije motornih pilota u reli letenju u generalnom plasanu posada AK \u201eNa\u0161a krila\u201c iz Para\u0107ina osvojila je 3. mesto u generalnom plasmanu. \u00a0Aleksandar Godi\u0107 i Dragan Obradovi\u0107 bili tre\u0107i, a druga posada Tomislav \u0160aleti\u0107 I Ljubi\u0161a Naumovi\u0107 osvojila je 5. mesto u tri discipline izvi\u0111anje, vremenska ta\u010dnost i precizno sletanje. Takmi\u010denju koje je odr\u017eano u Valjevu.<\/p>\n<div id='gallery-1' class='gallery galleryid-25448 gallery-columns-3 gallery-size-thumbnail'><figure class='gallery-item'>\n\t\t\t<div class='gallery-icon portrait'>\n\t\t\t\t<a href='https:\/\/centralmedia.rs\/index.php\/2020\/10\/29\/bronza-za-ak-nasa-krila\/nasa-krila2\/'><img loading=\"lazy\" decoding=\"async\" width=\"150\" height=\"150\" src=\"https:\/\/centralmedia.rs\/wp-content\/uploads\/2020\/10\/NASA-KRILA2-150x150.jpg\" class=\"attachment-thumbnail size-thumbnail\" alt=\"\" \/><\/a>\n\t\t\t<\/div><\/figure><figure class='gallery-item'>\n\t\t\t<div class='gallery-icon landscape'>\n\t\t\t\t<a href='https:\/\/centralmedia.rs\/index.php\/2020\/10\/29\/bronza-za-ak-nasa-krila\/reli-letenje\/'><img loading=\"lazy\" decoding=\"async\" width=\"150\" height=\"150\" src=\"https:\/\/centralmedia.rs\/wp-content\/uploads\/2020\/10\/RELI-LETENJE-150x150.jpg\" class=\"attachment-thumbnail size-thumbnail\" alt=\"\" \/><\/a>\n\t\t\t<\/div><\/figure><figure class='gallery-item'>\n\t\t\t<div class='gallery-icon landscape'>\n\t\t\t\t<a href='https:\/\/centralmedia.rs\/index.php\/2020\/10\/29\/bronza-za-ak-nasa-krila\/aleksandar-godic\/'><img loading=\"lazy\" decoding=\"async\" width=\"150\" height=\"150\" src=\"https:\/\/centralmedia.rs\/wp-content\/uploads\/2020\/10\/ALEKSANDAR-GODIC-150x150.jpg\" class=\"attachment-thumbnail size-thumbnail\" alt=\"\" \/><\/a>\n\t\t\t<\/div><\/figure>\n\t\t<\/div>\n\n","protected":false},"excerpt":{"rendered":"<p>PARA\u0106IN- Na Prvenstvu Srbije motornih pilota u reli letenju u generalnom plasanu posada AK \u201eNa\u0161a krila\u201c iz Para\u0107ina osvojila je 3. mesto u generalnom plasmanu. &hellip; <\/p>\n","protected":false},"author":2,"featured_media":25449,"comment_status":"open","ping_status":"open","sticky":false,"template":"","format":"standard","meta":{"footnotes":""},"categories":[1524,2,1516,887,21,12],"tags":[4864,156,4914],"_links":{"self":[{"href":"https:\/\/centralmedia.rs\/index.php\/wp-json\/wp\/v2\/posts\/25448"}],"collection":[{"href":"https:\/\/centralmedia.rs\/index.php\/wp-json\/wp\/v2\/posts"}],"about":[{"href":"https:\/\/centralmedia.rs\/index.php\/wp-json\/wp\/v2\/types\/post"}],"author":[{"embeddable":true,"href":"https:\/\/centralmedia.rs\/index.php\/wp-json\/wp\/v2\/users\/2"}],"replies":[{"embeddable":true,"href":"https:\/\/centralmedia.rs\/index.php\/wp-json\/wp\/v2\/comments?post=25448"}],"version-history":[{"count":2,"href":"https:\/\/centralmedia.rs\/index.php\/wp-json\/wp\/v2\/posts\/25448\/revisions"}],"predecessor-version":[{"id":25453,"href":"https:\/\/centralmedia.rs\/index.php\/wp-json\/wp\/v2\/posts\/25448\/revisions\/25453"}],"wp:featuredmedia":[{"embeddable":true,"href":"https:\/\/centralmedia.rs\/index.php\/wp-json\/wp\/v2\/media\/25449"}],"wp:attachment":[{"href":"https:\/\/centralmedia.rs\/index.php\/wp-json\/wp\/v2\/media?parent=25448"}],"wp:term":[{"taxonomy":"category","embeddable":true,"href":"https:\/\/centralmedia.rs\/index.php\/wp-json\/wp\/v2\/categories?post=25448"},{"taxonomy":"post_tag","embeddable":true,"href":"https:\/\/centralmedia.rs\/index.php\/wp-json\/wp\/v2\/tags?post=25448"}],"curies":[{"name":"wp","href":"https:\/\/api.w.org\/{rel}","templated":true}]}}