{"id":25458,"date":"2020-10-29T18:52:13","date_gmt":"2020-10-29T18:52:13","guid":{"rendered":"http:\/\/centralmedia.rs\/?p=25458"},"modified":"2020-11-04T15:00:32","modified_gmt":"2020-11-04T15:00:32","slug":"blic-valentina-je-odrasla-kao-jedino-crno-dete-jagodine-prosla-sam-pakao-a-onda-su-saznali-ko-mi-je-muz-i-sve-je-postalo-jos-gore","status":"publish","type":"post","link":"https:\/\/centralmedia.rs\/index.php\/2020\/10\/29\/blic-valentina-je-odrasla-kao-jedino-crno-dete-jagodine-prosla-sam-pakao-a-onda-su-saznali-ko-mi-je-muz-i-sve-je-postalo-jos-gore\/","title":{"rendered":"BLIC: Valentina je odrasla kao JEDINO CRNO DETE JAGODINE &#8211; Pro\u0161la sam pakao &#8211; a onda su saznali ko mi je mu\u017e i sve je postalo jo\u0161 gore"},"content":{"rendered":"<p>Biti druga\u010diji, a isti, govoriti srpski, imati taman ten i jaku kovrd\u017eavu kosu, a odrastati u Jagodini devedesetih godina i danas je gorko se\u0107anje Valentine Hemeson. U maloj sredini spoznala je \u0161ta je diskriminacija u svom najgorem obliku. Pored verbalnog vre\u0111anja, upoznala je i onu stra\u0161niju stranu &#8211; fizi\u010dko nasilje od strane vr\u0161njaka, pi\u0161e u Blicu.<\/p>\n<p>Valentina danas ima 26 godina, sa suprugom Ibrahimom Vala\u0111om ima sina Jamala, zavr\u0161ila je menad\u017ement u IT sektoru, i trenutno radi u medijima, a \u017eive u Novom Sadu. Kako nam je rekla, i njen sin je \u017ertva diskriminacije, dodu\u0161e u manjoj meri jer \u017eivi u velikom gradu. A sve to zato \u0161to, kao i njegova majka, plod ljubavi. Naime, Valentinin otac je poreklom iz Afrike, a sudbina je htela da i njen \u017eivotni partner bude sa tog kontinenta.<\/p>\n<p>Od najranijeg detinjstva prolazila je kroz pravi pakao samo zato \u0161to je druga\u010dije puti. &#8220;Odrastanje u maloj sredini je jako te\u0161ko. Odrasla sam u Jagodini, gde ve\u0107ina ljudi nikada nije videla nekog crnca. Ljudi bi mi stalno prilazili iz radoznalosti, \u017eeleli su da mi dodirnu kosu, pitaju odakle sam, dok je bilo i onih koji su me vre\u0111ali, poni\u017eavali. U malom gradu ljudi \u017eive sporije, \u0161to im daje vi\u0161e vremena da gledaju druge ljude oko sebe, pa tako i u mom slu\u010daju. Deca su tako\u0111e bila podeljena, jedni su mi prilazili iz znati\u017eelje, dok su me druga deca izbegavala, neki od njih su se pla\u0161ili da mi pri\u0111u.&#8221;<\/p>\n<p>Svi su nemo posmatrali i \u0107utali na uvrede<\/p>\n<p>Dok je kao dete izazivala znati\u017eelju, pravi problemi su po\u010deli sa polaskom u prvi razred osnovne \u0161kole. Taj period \u0107e joj zauvek ostati urezan u se\u0107anju. Ono \u0161to ju je najvi\u0161e bolelo, jeste \u0161to niko nikada nije stao na njenu stranu.<\/p>\n<p>&#8220;Vr\u0161nja\u010dko nasilje je obele\u017eilo dobar deo mog detinjstva. Od polaska u \u0161kolu do petog razreda, deca su me vre\u0111ala, omalova\u017evala, pa \u010dak i fizi\u010dki zlostavljala. Bilo je dana kada nisam \u017eelela da idem u \u0161kolu jer sam se bojala. Zvali bi me &#8220;niga&#8221;, mali crnac i raznim pogrbnim imenima. Svakoga dana je bilo sve gore i gore, a u \u0161koli nije bilo nijedne osobe, od u\u010ditelja, nastavnika, direktora, koja bi me za\u0161titila. Svi su se pravili da ne vide \u0161ta se de\u0161ava.<\/p>\n<p>Sa ulaskom u pubertet, re\u0161ila je da se izbori za sebe. Na uvrede je po\u010dela da odgovara znanjem i isticanjem svojih kvaliteta.<\/p>\n<p>&#8220;Sve je trajalo do moje 11, 12. godine. Bio je to trenutak kada sam prestala da se pla\u0161im, kada sam odlu\u010dila da se suprotstavim svima i poka\u017eem svoje kvalitete i mogu\u0107nosti. Znala sam da jedino mogu da se suprotstavim svojim rezultatima. U\u010destvovala sam na mnogim \u0161kolskim takmi\u010denjima, po\u010dela da treniram rukomet, anga\u017eovala se u nekoliko nevladinih organizacija i Crvenom krstu. Rezultati su se re\u0111ali, a ja sam me\u0111u svojim vr\u0161njacima postala najaktivnija, dobila sam \u010dak i plaketu grada za svoj doprinos zajednici. Po\u010dela sam da dr\u017eim radionice po \u0161kolama, anga\u017eovala se na humanitarnim projektima i tako stekla po\u0161tovanje i odraslih. Naravo da tu nije bio kraj. Psihi\u010dko i fizi\u010dko nasilje je nestalo, ali je diskriminacija ostala, i mislim da \u0107u se sa time boriti ceo \u017eivot. Promenilo se to \u0161to se ljudi ne usu\u0111uju da me napadnu, otvoreno vre\u0111aju, ali i dalje misle da sam manje vredna od njih ili mi sude na osnovu izgleda i boje ko\u017ee.&#8221;<\/p>\n<p>&#8220;Ti si \u017eena fudbalera, mora da si glupa&#8221;<\/p>\n<p>Diskriminaciju i danas trpi, a kako nam je rekla, ljudi su po\u010deli da je posmatraju i kao sponzoru\u0161u, zbog \u010dinjenice da joj je mu\u017e fudbaler, te zbog toga stavljaju znak pitanja i nad njenim intelektualnim kvalitetima.<\/p>\n<p>&#8220;Uvek ka\u017eem da je diskriminacija deo mog svakodnevnog \u017eivota. Mislim da ne pro\u0111e ni jedan dan, a da ne osetim neki vid diskriminacije. Uvek sam morala da dam 200% da bih dobila ono sto \u017eelim, morala bih da se trudim duplo vi\u0161e od ostalih. Do sada sam se borila protiv rasne diskriminacije, a sada su tu i predrasude ljudi zbog moje veze sa fudbalerom. Sada vi\u0161e nisam samo jedna meleskinja, ve\u0107 se mnogi vode stereotipom da sam glupa, sponzoru\u0161a i da ne znam ni\u0161ta da uradim samo zato \u0161to sam sa fudbalerom. \u010cesto budem diskriminisana zbog te \u010dinjenice, pogotovo kada su poslovi u pitanju. Ljudi samo pomisle &#8220;ona je \u017eena fudbalera, zna samo da se obu\u010de i ni\u0161ta vi\u0161e.&#8221; Bude i onih koji misle da tu nema ljubavi ve\u0107 je na\u0161a veza iz koristi. Skoro se dogodilo da me je jedna \u017eena pitala da li bi volela mu\u017ea da nije fudbaler. &#8221;<\/p>\n<p>Sa suprugom Ibrahimom je u vezi sedam godina, koliko je pro\u0161lo od kako su se upoznali dok je on jo\u0161 igrao u Javoru iz Ivanjice. Kao par izazivaju pa\u017enju, te se ljudi prosto za\u010dude kada progovori te\u010dan srpski jezik. Kako ka\u017ee, nekad je to iznervira, a nekada joj to bude i sme\u0161no.<\/p>\n<p>\u017divot u Novom Sadu<\/p>\n<p>Pored toga \u0161to vodi ra\u010duna o porodici, zaposlena je u agenciji koja se bavi pra\u0107enjem medijskog sadr\u017eaja, a kao zaljubljenik u modu, vodi i svoj li\u010dni modni blog.<\/p>\n<p>&#8220;Moda je moja velika \u017eivotna ljubav. To sam nekako ostavila po strani u prethodnih par godina zbog drugih obaveza, ali se sada polako vra\u0107am. Poku\u0161avam da se ozbiljno posvetim tome&#8221;, ka\u017eem nam ona.<\/p>\n<p>Valentina, Ibrahim i Jamal \u017eive u Novom Sadu. Za razliku od nje, njen mali\u0161an ima priliku da odrasta u ve\u0107em gradu i sredini koja je navikla na multieti\u010dnost. Ali ipak, kako nam je rekla, ni njen sin nije izbegao diskriminaciju od strane vr\u0161njaka.<\/p>\n<p>&#8220;Moj sin je u malo boljoj pozociji, nego ja. On odrasta u ve\u0107em gradu, \u0161to je puno olak\u0161avaju\u0107a okolnost. Naravno da i tu ima onih rasisti\u010dki nastrojenih, ali dosta manje. Bilo je slu\u010dajeva da su neka deca mislila da je Rom ili je crn zato \u0161to je prljav. Nama kao roditeljima bude jako te\u0161ko da mu objasnimo \u0161ta se de\u0161ava, jer je on jo\u0161 uvek mali. On odavno shvata i zna da je druga\u010diji, ali jo\u0161 uvek ne zna \u0161ta zna\u010di biti diskriminisan&#8221;, rekla nam Valentina na kraju razgovora za Blic.<\/p>\n<p>Foto FB<\/p>\n<p>&nbsp;<\/p>\n<p>&nbsp;<\/p>\n<p>&nbsp;<\/p>\n","protected":false},"excerpt":{"rendered":"<p>Biti druga\u010diji, a isti, govoriti srpski, imati taman ten i jaku kovrd\u017eavu kosu, a odrastati u Jagodini devedesetih godina i danas je gorko se\u0107anje Valentine &hellip; <\/p>\n","protected":false},"author":2,"featured_media":25459,"comment_status":"open","ping_status":"open","sticky":false,"template":"","format":"standard","meta":{"footnotes":""},"categories":[14,1524,2,1514,12],"tags":[4917,58,4916],"_links":{"self":[{"href":"https:\/\/centralmedia.rs\/index.php\/wp-json\/wp\/v2\/posts\/25458"}],"collection":[{"href":"https:\/\/centralmedia.rs\/index.php\/wp-json\/wp\/v2\/posts"}],"about":[{"href":"https:\/\/centralmedia.rs\/index.php\/wp-json\/wp\/v2\/types\/post"}],"author":[{"embeddable":true,"href":"https:\/\/centralmedia.rs\/index.php\/wp-json\/wp\/v2\/users\/2"}],"replies":[{"embeddable":true,"href":"https:\/\/centralmedia.rs\/index.php\/wp-json\/wp\/v2\/comments?post=25458"}],"version-history":[{"count":3,"href":"https:\/\/centralmedia.rs\/index.php\/wp-json\/wp\/v2\/posts\/25458\/revisions"}],"predecessor-version":[{"id":25462,"href":"https:\/\/centralmedia.rs\/index.php\/wp-json\/wp\/v2\/posts\/25458\/revisions\/25462"}],"wp:featuredmedia":[{"embeddable":true,"href":"https:\/\/centralmedia.rs\/index.php\/wp-json\/wp\/v2\/media\/25459"}],"wp:attachment":[{"href":"https:\/\/centralmedia.rs\/index.php\/wp-json\/wp\/v2\/media?parent=25458"}],"wp:term":[{"taxonomy":"category","embeddable":true,"href":"https:\/\/centralmedia.rs\/index.php\/wp-json\/wp\/v2\/categories?post=25458"},{"taxonomy":"post_tag","embeddable":true,"href":"https:\/\/centralmedia.rs\/index.php\/wp-json\/wp\/v2\/tags?post=25458"}],"curies":[{"name":"wp","href":"https:\/\/api.w.org\/{rel}","templated":true}]}}