{"id":25463,"date":"2020-10-29T19:32:57","date_gmt":"2020-10-29T19:32:57","guid":{"rendered":"http:\/\/centralmedia.rs\/?p=25463"},"modified":"2020-11-04T15:03:25","modified_gmt":"2020-11-04T15:03:25","slug":"eu-i-svilajnac-protiv-poplava-zavrsetak-radova-na-rekonstrukciji-korita-reke-resave","status":"publish","type":"post","link":"https:\/\/centralmedia.rs\/index.php\/2020\/10\/29\/eu-i-svilajnac-protiv-poplava-zavrsetak-radova-na-rekonstrukciji-korita-reke-resave\/","title":{"rendered":"EU I SVILAJNAC PROTIV POPLAVA &#8211; ZAVR\u0160ETAK RADOVA NA REKONSTRUKCIJI KORITA REKE RESAVE"},"content":{"rendered":"<p>SVILAJNAC-Danas je u Svilajncu obele\u017een zavr\u0161etak radova na rekonstrukciji korita reke Resave koji su izvedeni u okviru projekta Evropske unije \u201eRekonstrukcija infrastrukture za za\u0161titu od poplava\u201c.<\/p>\n<div id='gallery-1' class='gallery galleryid-25463 gallery-columns-2 gallery-size-full'><figure class='gallery-item'>\n\t\t\t<div class='gallery-icon landscape'>\n\t\t\t\t<a href='https:\/\/centralmedia.rs\/index.php\/2020\/10\/29\/eu-i-svilajnac-protiv-poplava-zavrsetak-radova-na-rekonstrukciji-korita-reke-resave\/sem\/'><img loading=\"lazy\" decoding=\"async\" width=\"2048\" height=\"1365\" src=\"https:\/\/centralmedia.rs\/wp-content\/uploads\/2020\/10\/SEM.jpg\" class=\"attachment-full size-full\" alt=\"\" srcset=\"https:\/\/centralmedia.rs\/wp-content\/uploads\/2020\/10\/SEM.jpg 2048w, https:\/\/centralmedia.rs\/wp-content\/uploads\/2020\/10\/SEM-300x200.jpg 300w, https:\/\/centralmedia.rs\/wp-content\/uploads\/2020\/10\/SEM-768x512.jpg 768w, https:\/\/centralmedia.rs\/wp-content\/uploads\/2020\/10\/SEM-1024x683.jpg 1024w, https:\/\/centralmedia.rs\/wp-content\/uploads\/2020\/10\/SEM-630x420.jpg 630w, https:\/\/centralmedia.rs\/wp-content\/uploads\/2020\/10\/SEM-640x427.jpg 640w, https:\/\/centralmedia.rs\/wp-content\/uploads\/2020\/10\/SEM-681x454.jpg 681w\" sizes=\"(max-width: 2048px) 100vw, 2048px\" \/><\/a>\n\t\t\t<\/div><\/figure><figure class='gallery-item'>\n\t\t\t<div class='gallery-icon landscape'>\n\t\t\t\t<a href='https:\/\/centralmedia.rs\/index.php\/2020\/10\/29\/eu-i-svilajnac-protiv-poplava-zavrsetak-radova-na-rekonstrukciji-korita-reke-resave\/sem1\/'><img loading=\"lazy\" decoding=\"async\" width=\"2048\" height=\"1365\" src=\"https:\/\/centralmedia.rs\/wp-content\/uploads\/2020\/10\/SEM1.jpg\" class=\"attachment-full size-full\" alt=\"\" srcset=\"https:\/\/centralmedia.rs\/wp-content\/uploads\/2020\/10\/SEM1.jpg 2048w, https:\/\/centralmedia.rs\/wp-content\/uploads\/2020\/10\/SEM1-300x200.jpg 300w, https:\/\/centralmedia.rs\/wp-content\/uploads\/2020\/10\/SEM1-768x512.jpg 768w, https:\/\/centralmedia.rs\/wp-content\/uploads\/2020\/10\/SEM1-1024x683.jpg 1024w, https:\/\/centralmedia.rs\/wp-content\/uploads\/2020\/10\/SEM1-630x420.jpg 630w, https:\/\/centralmedia.rs\/wp-content\/uploads\/2020\/10\/SEM1-640x427.jpg 640w, https:\/\/centralmedia.rs\/wp-content\/uploads\/2020\/10\/SEM1-681x454.jpg 681w\" sizes=\"(max-width: 2048px) 100vw, 2048px\" \/><\/a>\n\t\t\t<\/div><\/figure>\n\t\t<\/div>\n\n<p>Projekat je finansiran od strane Evropske unije i Republike Austrije, a sprovodi Austrijska razvojna agencija. Ovaj projekat obuhvata radove na rekonstrukciji korita Resave u du\u017eini od oko 6 kilometra u gradu i dodatnih 5 kilometra u atarima sela Sedlare i Subotica. Vrednost projekta regulacije reke na teritoriji op\u0161tine Svilajnac je oko 3,3 miliona evra. Kacelarija za javna ulaganja je dala svoj doprinos u\u010de\u0161\u0107em u rekonstrukciji vodotkova drugog reda sa mostovina u selima Troponje i \u0110urinac.<\/p>\n<p>Ovim povodom ambasador Sem Fabrici, \u0161ef Delegacije Evropske unije u Srbije, posetio je Svilajnac i osvrnuo se na zna\u010daj i dobar kvalitet saradnje izme\u0111u op\u0161tine Svilajnac i Delegacije EU u Srbiji.<\/p>\n<p>-Prvi put sam u Svilajncu. Odbrambeni zid je dobar zid, jer je omogu\u0107io gra\u0111anima Svilajnca da mirno spavaju. Jako mi je drago \u0161to sam ovde i vidim obavljene radove. Re\u010d je o bespovratnim sredstvima EU, koja su relizovana preko Austrijsek razvojne agencije. Sve je to deo jednog ve\u0107eg paketa pomo\u0107i od 170 miliona evra koji je EU dodelila Srbiji posle poplava 2014. Klimatske promene, poplave su sve \u010de\u0161\u0107e u svetu, moramo da se pripremimo. EU insistira na prevenciji klimatskih promena. To je jeftinije i bezbednije za gra\u0111ane. Solidarnost je bitan element za EU, kao i sada sa kovidom, rekao je Fabrici.<\/p>\n<p>Doma\u0107in doga\u0111aja bio je predsednik op\u0161tine Svilajnac, Predrag Milanovi\u0107, koji je ovom prilikom istakao da je regulacija reke jedan od najva\u017enijih projekata koji je ura\u0111en u Svilajncu.<\/p>\n<p>-Nalazimo se na kraju velikog projekta koji je realizovan u Svilajncu. Od 2014. godine nismo imali bitniji projekat za grad. Sada mo\u017eemo mirno da spavamo. Sada se ne brinemo oko poplava, nego jo\u0161 malo oko korone. Evropska unija ulo\u017eila je preko 3 miliona evra u regulaciju reke Resave. Svilajnac ne bi mogao da bude rekonstruisan posle poplave 2014. da nije bilo solidarnosti EU. Pri\u010dam o jo\u0161 10 miliona evra koji su do\u0161li po raznim programima do\u0161li za obnovu Svilajnaca. Da tog novca nije bilo mislim da ne bi mogli normalno da \u017eivimo posle 2014. Da nije bilo novca za regulaciju Resave, mi ne bi mogli mirno da spavamo, rekao je Milanovi\u0107.<\/p>\n<p>Doga\u0111aju su prisustvovali i i ata\u0161e za kulturu ambasade Austrije, Adrijan Fajks, Neda Maleti\u0107 ispred Kancelarije za upravljanje javnim ulaganjima i Darko Janji\u0107 rukovodilac tehni\u010dkog sektora u JP \u201eSrbijavode\u201d<\/p>\n<p>Gosti su u prilikom posete u gradskom parku zasadili drve\u0107e kao simbol prijateljstva i saradnje i podsetnik da je po\u0161umljavanje izuzetno va\u017eno u vremenu klimatskih promena koje sve \u010de\u0161\u0107e dovode do prirodnih katastrofa.<\/p>\n<p>Nakon zvani\u010dnog programa gosti su obi\u0161li Osnovnu \u0161kolu \u201eJ.J.Zmaj\u201c i Prirodnja\u010dki centar Srbije u Svilajncu.<\/p>\n","protected":false},"excerpt":{"rendered":"<p>SVILAJNAC-Danas je u Svilajncu obele\u017een zavr\u0161etak radova na rekonstrukciji korita reke Resave koji su izvedeni u okviru projekta Evropske unije \u201eRekonstrukcija infrastrukture za za\u0161titu od &hellip; <\/p>\n","protected":false},"author":2,"featured_media":25464,"comment_status":"open","ping_status":"open","sticky":false,"template":"","format":"standard","meta":{"footnotes":""},"categories":[14,1524,2,887,12,1517],"tags":[225,4919,470,4918,38],"_links":{"self":[{"href":"https:\/\/centralmedia.rs\/index.php\/wp-json\/wp\/v2\/posts\/25463"}],"collection":[{"href":"https:\/\/centralmedia.rs\/index.php\/wp-json\/wp\/v2\/posts"}],"about":[{"href":"https:\/\/centralmedia.rs\/index.php\/wp-json\/wp\/v2\/types\/post"}],"author":[{"embeddable":true,"href":"https:\/\/centralmedia.rs\/index.php\/wp-json\/wp\/v2\/users\/2"}],"replies":[{"embeddable":true,"href":"https:\/\/centralmedia.rs\/index.php\/wp-json\/wp\/v2\/comments?post=25463"}],"version-history":[{"count":1,"href":"https:\/\/centralmedia.rs\/index.php\/wp-json\/wp\/v2\/posts\/25463\/revisions"}],"predecessor-version":[{"id":25467,"href":"https:\/\/centralmedia.rs\/index.php\/wp-json\/wp\/v2\/posts\/25463\/revisions\/25467"}],"wp:featuredmedia":[{"embeddable":true,"href":"https:\/\/centralmedia.rs\/index.php\/wp-json\/wp\/v2\/media\/25464"}],"wp:attachment":[{"href":"https:\/\/centralmedia.rs\/index.php\/wp-json\/wp\/v2\/media?parent=25463"}],"wp:term":[{"taxonomy":"category","embeddable":true,"href":"https:\/\/centralmedia.rs\/index.php\/wp-json\/wp\/v2\/categories?post=25463"},{"taxonomy":"post_tag","embeddable":true,"href":"https:\/\/centralmedia.rs\/index.php\/wp-json\/wp\/v2\/tags?post=25463"}],"curies":[{"name":"wp","href":"https:\/\/api.w.org\/{rel}","templated":true}]}}