{"id":2547,"date":"2016-03-27T23:16:58","date_gmt":"2016-03-27T23:16:58","guid":{"rendered":"http:\/\/centralmedia.rs\/?p=2547"},"modified":"2016-03-27T23:16:58","modified_gmt":"2016-03-27T23:16:58","slug":"svi-za-paracin","status":"publish","type":"post","link":"https:\/\/centralmedia.rs\/index.php\/2016\/03\/27\/svi-za-paracin\/","title":{"rendered":"SVI ZA PARA\u0106IN"},"content":{"rendered":"<p>PARA\u0106IN-Pred nekoliko stotina pristalica u sali Pozori\u0161ta u Para\u0107inu predstavljeni su kandidati za odbornike sa liste &#8220;Svi za Para\u0107in &#8211; Tomislav \u0160aleti\u0107&#8221;. <figure id=\"attachment_2549\" aria-describedby=\"caption-attachment-2549\" style=\"width: 300px\" class=\"wp-caption alignnone\"><a href=\"https:\/\/centralmedia.rs\/wp-content\/uploads\/2016\/03\/kadidat-za-predsednika.jpg\" rel=\"attachment wp-att-2549\"><img loading=\"lazy\" decoding=\"async\" src=\"https:\/\/centralmedia.rs\/wp-content\/uploads\/2016\/03\/kadidat-za-predsednika-300x200.jpg\" alt=\"Tomislav \u0160aleti\u0107\" width=\"300\" height=\"200\" class=\"size-medium wp-image-2549\" srcset=\"https:\/\/centralmedia.rs\/wp-content\/uploads\/2016\/03\/kadidat-za-predsednika-300x200.jpg 300w, https:\/\/centralmedia.rs\/wp-content\/uploads\/2016\/03\/kadidat-za-predsednika-768x512.jpg 768w, https:\/\/centralmedia.rs\/wp-content\/uploads\/2016\/03\/kadidat-za-predsednika.jpg 960w\" sizes=\"(max-width: 300px) 100vw, 300px\" \/><\/a><figcaption id=\"caption-attachment-2549\" class=\"wp-caption-text\">Tomislav \u0160aleti\u0107<\/figcaption><\/figure>Ta lista je najavila potpisivanje sporazuma sa preko 60 malih privrednika u tom gradu o zajedni\u010dkom nastupu na lokalnim izborima, kao i ulaganje 4 miliona evra u privredu i poljoprivredu. Kako stoji u saop\u0161tenju sa ovog skupa Para\u0107incima je poslata jasna poruka &#8211; Vreme je za nove ideje,vreme je za Para\u0107in.Para\u0107inci,imate za koga da glasate!<\/p>\n","protected":false},"excerpt":{"rendered":"<p>PARA\u0106IN-Pred nekoliko stotina pristalica u sali Pozori\u0161ta u Para\u0107inu predstavljeni su kandidati za odbornike sa liste &#8220;Svi za Para\u0107in &#8211; Tomislav \u0160aleti\u0107&#8221;. Ta lista je &hellip; <\/p>\n","protected":false},"author":4,"featured_media":2548,"comment_status":"open","ping_status":"open","sticky":false,"template":"","format":"standard","meta":{"footnotes":""},"categories":[2,13,12],"tags":[658,657,659],"_links":{"self":[{"href":"https:\/\/centralmedia.rs\/index.php\/wp-json\/wp\/v2\/posts\/2547"}],"collection":[{"href":"https:\/\/centralmedia.rs\/index.php\/wp-json\/wp\/v2\/posts"}],"about":[{"href":"https:\/\/centralmedia.rs\/index.php\/wp-json\/wp\/v2\/types\/post"}],"author":[{"embeddable":true,"href":"https:\/\/centralmedia.rs\/index.php\/wp-json\/wp\/v2\/users\/4"}],"replies":[{"embeddable":true,"href":"https:\/\/centralmedia.rs\/index.php\/wp-json\/wp\/v2\/comments?post=2547"}],"version-history":[{"count":0,"href":"https:\/\/centralmedia.rs\/index.php\/wp-json\/wp\/v2\/posts\/2547\/revisions"}],"wp:featuredmedia":[{"embeddable":true,"href":"https:\/\/centralmedia.rs\/index.php\/wp-json\/wp\/v2\/media\/2548"}],"wp:attachment":[{"href":"https:\/\/centralmedia.rs\/index.php\/wp-json\/wp\/v2\/media?parent=2547"}],"wp:term":[{"taxonomy":"category","embeddable":true,"href":"https:\/\/centralmedia.rs\/index.php\/wp-json\/wp\/v2\/categories?post=2547"},{"taxonomy":"post_tag","embeddable":true,"href":"https:\/\/centralmedia.rs\/index.php\/wp-json\/wp\/v2\/tags?post=2547"}],"curies":[{"name":"wp","href":"https:\/\/api.w.org\/{rel}","templated":true}]}}