{"id":25496,"date":"2020-11-04T13:23:21","date_gmt":"2020-11-04T13:23:21","guid":{"rendered":"http:\/\/centralmedia.rs\/?p=25496"},"modified":"2020-11-09T21:52:08","modified_gmt":"2020-11-09T21:52:08","slug":"francuski-ambasador-u-svilajncu-vrata-ambasade-su-uvek-i-sirom-otvorena-za-svilajnac","status":"publish","type":"post","link":"https:\/\/centralmedia.rs\/index.php\/2020\/11\/04\/francuski-ambasador-u-svilajncu-vrata-ambasade-su-uvek-i-sirom-otvorena-za-svilajnac\/","title":{"rendered":"FRANCUSKI AMBASADOR U SVILAJNCU &#8211; ,,VRATA AMBASADE SU UVEK I \u0160IROM OTVORENA ZA SVILAJNAC\u201d"},"content":{"rendered":"<p>SVILAJNAC- Predsednik op\u0161tine Svilajnac Predrag Milanovi\u0107 i Ambasador francuske u Srbiji Jean-Louis Falconi \u00a0u Prirodnja\u010dkom centru Srbije danas su otvorili gostuju\u0107u izlo\u017ebe ambasade \u00a0Fracuske ,,Karavan za klimu\u201d. Izlo\u017eba je projekat koji je osmislio i razvio Francuski institut u Srbiji u partnerstvu sa Centrom za promociju nauke u Srbiji uz podr\u0161ku Evropske delegacije u Srbiji i Kancelarije Programa Ujedinjenih nacija za razvoj u Srbiji.<\/p>\n<div id='gallery-1' class='gallery galleryid-25496 gallery-columns-7 gallery-size-thumbnail'><figure class='gallery-item'>\n\t\t\t<div class='gallery-icon landscape'>\n\t\t\t\t<a href='https:\/\/centralmedia.rs\/index.php\/2020\/11\/04\/francuski-ambasador-u-svilajncu-vrata-ambasade-su-uvek-i-sirom-otvorena-za-svilajnac\/izlozba-20\/'><img loading=\"lazy\" decoding=\"async\" width=\"150\" height=\"150\" src=\"https:\/\/centralmedia.rs\/wp-content\/uploads\/2020\/11\/izlo\u017eba-150x150.jpg\" class=\"attachment-thumbnail size-thumbnail\" alt=\"\" \/><\/a>\n\t\t\t<\/div><\/figure><figure class='gallery-item'>\n\t\t\t<div class='gallery-icon landscape'>\n\t\t\t\t<a href='https:\/\/centralmedia.rs\/index.php\/2020\/11\/04\/francuski-ambasador-u-svilajncu-vrata-ambasade-su-uvek-i-sirom-otvorena-za-svilajnac\/izlozba1-8\/'><img loading=\"lazy\" decoding=\"async\" width=\"150\" height=\"150\" src=\"https:\/\/centralmedia.rs\/wp-content\/uploads\/2020\/11\/izlo\u017eba1-150x150.jpg\" class=\"attachment-thumbnail size-thumbnail\" alt=\"\" \/><\/a>\n\t\t\t<\/div><\/figure><figure class='gallery-item'>\n\t\t\t<div class='gallery-icon landscape'>\n\t\t\t\t<a href='https:\/\/centralmedia.rs\/index.php\/2020\/11\/04\/francuski-ambasador-u-svilajncu-vrata-ambasade-su-uvek-i-sirom-otvorena-za-svilajnac\/izlozba2-7\/'><img loading=\"lazy\" decoding=\"async\" width=\"150\" height=\"150\" src=\"https:\/\/centralmedia.rs\/wp-content\/uploads\/2020\/11\/izlo\u017eba2-150x150.jpg\" class=\"attachment-thumbnail size-thumbnail\" alt=\"\" \/><\/a>\n\t\t\t<\/div><\/figure><figure class='gallery-item'>\n\t\t\t<div class='gallery-icon landscape'>\n\t\t\t\t<a href='https:\/\/centralmedia.rs\/index.php\/2020\/11\/04\/francuski-ambasador-u-svilajncu-vrata-ambasade-su-uvek-i-sirom-otvorena-za-svilajnac\/izlozba3-6\/'><img loading=\"lazy\" decoding=\"async\" width=\"150\" height=\"150\" src=\"https:\/\/centralmedia.rs\/wp-content\/uploads\/2020\/11\/izlo\u017eba3-150x150.jpg\" class=\"attachment-thumbnail size-thumbnail\" alt=\"\" \/><\/a>\n\t\t\t<\/div><\/figure><figure class='gallery-item'>\n\t\t\t<div class='gallery-icon landscape'>\n\t\t\t\t<a href='https:\/\/centralmedia.rs\/index.php\/2020\/11\/04\/francuski-ambasador-u-svilajncu-vrata-ambasade-su-uvek-i-sirom-otvorena-za-svilajnac\/izlozba4-4\/'><img loading=\"lazy\" decoding=\"async\" width=\"150\" height=\"150\" src=\"https:\/\/centralmedia.rs\/wp-content\/uploads\/2020\/11\/izlo\u017eba4-150x150.jpg\" class=\"attachment-thumbnail size-thumbnail\" alt=\"\" \/><\/a>\n\t\t\t<\/div><\/figure><figure class='gallery-item'>\n\t\t\t<div class='gallery-icon landscape'>\n\t\t\t\t<a href='https:\/\/centralmedia.rs\/index.php\/2020\/11\/04\/francuski-ambasador-u-svilajncu-vrata-ambasade-su-uvek-i-sirom-otvorena-za-svilajnac\/izlozba5-4\/'><img loading=\"lazy\" decoding=\"async\" width=\"150\" height=\"150\" src=\"https:\/\/centralmedia.rs\/wp-content\/uploads\/2020\/11\/izlo\u017eba5-150x150.jpg\" class=\"attachment-thumbnail size-thumbnail\" alt=\"\" \/><\/a>\n\t\t\t<\/div><\/figure><figure class='gallery-item'>\n\t\t\t<div class='gallery-icon landscape'>\n\t\t\t\t<a href='https:\/\/centralmedia.rs\/index.php\/2020\/11\/04\/francuski-ambasador-u-svilajncu-vrata-ambasade-su-uvek-i-sirom-otvorena-za-svilajnac\/izlozba7-3\/'><img loading=\"lazy\" decoding=\"async\" width=\"150\" height=\"150\" src=\"https:\/\/centralmedia.rs\/wp-content\/uploads\/2020\/11\/izlo\u017eba7-150x150.jpg\" class=\"attachment-thumbnail size-thumbnail\" alt=\"\" \/><\/a>\n\t\t\t<\/div><\/figure>\n\t\t<\/div>\n\n<p>-Prvi put sam u predivnom Svilajncu. Impresioniran sam Prirodnja\u010dim centrum Srbije. U Srbiji sam godinu dana, planirao sam dolazak u Svilajnac i to iz mnogih razloga. Istorijske veze na\u0161e dve zemlje, pro\u0161le nedelje smo obele\u017eili osloba\u0111anje Svilajnac koje je predvodio general Tranije. Prilikom poplava 2014. godine \u00a0u Svilajncu je uspostavljena solidarnost sa ekipom spasilaca iz Francuske. Veliki broj Svilajn\u010dana radi je u Francuskoj. Svilajanc pola\u017ee na evropske vrednosti, izme\u0111u ostalog na za\u0161titu \u017eivotne sredine, a Francuska puno pola\u017ee na tu oblast. Zato sam u Svilajncu, jer izlo\u017eba govori o za\u0161titi \u017eivotne sredine i uticu klime na \u017eivotnu sredinu. Zbog bliskih odnosa, izme\u0111u Francuske i Svilajnca, rekao sam da su vrata ambasade su \u0161irom i uvek otvorena za Svilanac, rekao je ambasador.<\/p>\n<p>U\u010denici O\u0160 Branko Radi\u010devi\u0107 iz Sedlara rade na razvoju Frankofonije i posetili su ambasadora u Beogradu, a sada su posetili izlo\u017ebu.<\/p>\n<p>&#8211; Svilajn\u010dani i Francuska, posebno Pariz, imamo dugu istoriju. Ve\u010d pet decenija \u017eivimo i radimo tamo. Gajili smo dobre odnose sa Ambassadom Francuske i EU, realizovali smo zna\u010dajne investicije. Francuska je jedna od najuticajnijih dr\u017eava EU i doprinela podr\u0161ci Srbiji i Svilajncu. Sa ambasadoram sam razgovrao o budu\u0107oj saradnji, da francuski privrednici prepoznaju Svilajnac, ne samo da na\u0161i ljudi rade u Francuskoj, nego i da njihovi privrednici do\u0111u u Svilajnac. To je prvi na\u0161 zadatak. Cilj je da unapredimo saradnju izme\u0111u Svilajnca i Pariza, a da se slede\u0107i put vidimo na polaganju kamena temeljca neke zna\u010dajne investicije iz Francuske. Imamo preko 5.000 gra\u0111ana koji rade u Francuskoj i o\u010dekujemo da bar 500 na\u0161ih radnika bude zaposleno u nekoj francuskoj kompaniji, istakao je Milanovi\u0107<\/p>\n<p>Ambasador je posetio Poljoprivrednu \u0161kolu u Svilajncu.<\/p>\n","protected":false},"excerpt":{"rendered":"<p>SVILAJNAC- Predsednik op\u0161tine Svilajnac Predrag Milanovi\u0107 i Ambasador francuske u Srbiji Jean-Louis Falconi \u00a0u Prirodnja\u010dkom centru Srbije danas su otvorili gostuju\u0107u izlo\u017ebe ambasade \u00a0Fracuske ,,Karavan &hellip; <\/p>\n","protected":false},"author":2,"featured_media":25497,"comment_status":"open","ping_status":"open","sticky":false,"template":"","format":"standard","meta":{"footnotes":""},"categories":[1524,2,15,887,12,1517],"tags":[4925,649,288,38],"_links":{"self":[{"href":"https:\/\/centralmedia.rs\/index.php\/wp-json\/wp\/v2\/posts\/25496"}],"collection":[{"href":"https:\/\/centralmedia.rs\/index.php\/wp-json\/wp\/v2\/posts"}],"about":[{"href":"https:\/\/centralmedia.rs\/index.php\/wp-json\/wp\/v2\/types\/post"}],"author":[{"embeddable":true,"href":"https:\/\/centralmedia.rs\/index.php\/wp-json\/wp\/v2\/users\/2"}],"replies":[{"embeddable":true,"href":"https:\/\/centralmedia.rs\/index.php\/wp-json\/wp\/v2\/comments?post=25496"}],"version-history":[{"count":1,"href":"https:\/\/centralmedia.rs\/index.php\/wp-json\/wp\/v2\/posts\/25496\/revisions"}],"predecessor-version":[{"id":25505,"href":"https:\/\/centralmedia.rs\/index.php\/wp-json\/wp\/v2\/posts\/25496\/revisions\/25505"}],"wp:featuredmedia":[{"embeddable":true,"href":"https:\/\/centralmedia.rs\/index.php\/wp-json\/wp\/v2\/media\/25497"}],"wp:attachment":[{"href":"https:\/\/centralmedia.rs\/index.php\/wp-json\/wp\/v2\/media?parent=25496"}],"wp:term":[{"taxonomy":"category","embeddable":true,"href":"https:\/\/centralmedia.rs\/index.php\/wp-json\/wp\/v2\/categories?post=25496"},{"taxonomy":"post_tag","embeddable":true,"href":"https:\/\/centralmedia.rs\/index.php\/wp-json\/wp\/v2\/tags?post=25496"}],"curies":[{"name":"wp","href":"https:\/\/api.w.org\/{rel}","templated":true}]}}