{"id":25508,"date":"2020-11-04T22:44:34","date_gmt":"2020-11-04T22:44:34","guid":{"rendered":"http:\/\/centralmedia.rs\/?p=25508"},"modified":"2020-11-09T21:52:32","modified_gmt":"2020-11-09T21:52:32","slug":"ucitelj-iz-cuprije-suspendovan-i-udaljen-iz-nastave-uz-domaci-zadatak-roditeljima-na-viber-poslao-neprimerene-fotografije-svog-polnog-organa","status":"publish","type":"post","link":"https:\/\/centralmedia.rs\/index.php\/2020\/11\/04\/ucitelj-iz-cuprije-suspendovan-i-udaljen-iz-nastave-uz-domaci-zadatak-roditeljima-na-viber-poslao-neprimerene-fotografije-svog-polnog-organa\/","title":{"rendered":"U\u010cITELJ IZ \u0106UPRIJE SUSPENDOVAN I UDALJEN IZ NASTAVE &#8211; UZ DOMA\u0106I ZADATAK RODITELJIMA NA VIBER POSLAO NEPRIMERENE FOTOGRAFIJE SVOG POLNOG ORGANA"},"content":{"rendered":"<p>\u0106UPRIJA- Nazapam\u0107en skandal potresa \u0107uprijsku prosvetu ovih dana. Naime, u\u010ditelj podru\u010dne \u0161kole\u00a0 pedesetogodi\u0161njak uz doma\u0107i zadatak roditeljima na viber grupi poslao fotografiju svog polnog organa. Iz Ministarstva prosvete, nauke i tehnolo\u0161kog razvoja saop\u0161tavaju da je ,,u skladu sa procedurama\u00a0 obave\u0161teno o doga\u0111aju u Osnovnoj \u0161koli ,,13. oktobar&#8221; u \u0106upriji i direktor \u0161kole je pokrenuo disciplinski postupak protiv zaposlenog u kome se utvr\u0111uju sve \u010dinjenice i\u00a0 odgovornost\u201d. Jedan od roditelja podneo je prijavu policiji, koja je prosle\u0111ena na ocenu Tu\u017eila\u0161tvu za visoko-tehnolo\u0161ki kriminal. U\u010ditelj je suspendovan, \u0161kola je protiv njega pokrenula disciplinski postupak.<\/p>\n<p>-Slu\u010daj se dogodio 27. oktobra u popodnevim satima. Obavestio me roditelj da je na viber grupi pu\u0161tena fotografija sa neprimerenim sadr\u017eajem, odmah sazvao sam roditelje, pokazali su mi fotografiju. Suspendovao sam u\u010ditelja i pokrenuo disciplinski postupak. Definitivno je prekr\u0161io neka pravila. U\u010ditelj ne pori\u010de, nije hteo i nije imao nameru, odmah je obrisao taj sadr\u017eaj. Nije namerno to poslao. U sklopu doma\u0107ih zadataka i dve, tri fotografije uletela je i ta. Kliknuo je fotografiju gre\u0161kom, nije ni primetio, ali posle pola sata kada je proverio i uvideo je gre\u0161ku odmah obrisao. Zvao je roditelje i izvinjavao se, bilo mu je neprijatno, ka\u017ee direktor O\u0160 ,,13. oktobar\u201d Marko \u0110uri\u0107.<\/p>\n<p>Roditelji dece ukazali su na taj slu\u010daj direktoru, nisu bili uznemireni, ali su negodovali. Roditelji su se slo\u017eili da se u\u010ditelj udalji iz nastave, neki su bili pomirljivi i puni razumevanja, neki su tra\u017eili sankcionisanje i udaljavanje iz \u0161kole.<\/p>\n<p>-\u0160kola je odreagovala u skladu sa zakonima i propisima. Tu postoji povreda zabrane. \u010covek radi vi\u0161e od tri decenije u prosveti. U njegovom slu\u010daju evidentna je gre\u0161ka u baratanju savremenim tehnologijama, slabo se snalazio sa novinama i zbog se \u017ealio kolegama. Nije imao nameru, ali takav sadr\u017eaj ne bi trebao da ima u telefonu. Fotografija je sa\u010duvana kao dokaz u postupku, on to nije porekao da se desilo. Nije video kada je kliknuo, kada proverio odmah je obrisao, ali fotografija je stajala pola sata. Zna da je pogre\u0161io, isti\u010de \u0110uri\u0107.<\/p>\n<p>Disciplinski postupak mo\u017ee da traje do 6 meseci, drugi u\u010ditelj je anga\u017eovan. \u0160kola je obavestila \u0160kolsku upravu i policiju.<\/p>\n<p>-Neprikladan sadr\u017eaj nije do\u0161ao do dece, nisu imala pristup, to je viber grupa za roditelje. Kolege su u \u0161oku i iznena\u0111eni, neprijatna je situacija, uti\u010de na renome \u0161kole, ipak je re\u010d o prosveti. Neki ka\u017eu da prosvetari koriste privatne telefone za slu\u017ebene potrebe, \u0161kola nije obezbedila aparate. Me\u0111utim, imamo precizna uputstva, preporuka Ministarstva je da se aktiviraju viber grupe zbog komunikacije sa roditeljima, kako ne bi dolazili u \u0161kolu. Treba da se vodi ra\u010duna \u0161ta je u telefonu i \u0161ta se prosle\u0111uje, podse\u0107a \u0110uri\u0107.<\/p>\n<p>U\u010ditelj nije \u017eeleo da odgovori na pitanja novinara, ljutito je odbio takav predlog. Ina\u010de, u istoj \u0161koli radi i njegova supruga sa kojom ima troje dece. U \u0106upriji je poznat po javnim nastupima.<\/p>\n<p>foto: google<\/p>\n","protected":false},"excerpt":{"rendered":"<p>\u0106UPRIJA- Nazapam\u0107en skandal potresa \u0107uprijsku prosvetu ovih dana. Naime, u\u010ditelj podru\u010dne \u0161kole\u00a0 pedesetogodi\u0161njak uz doma\u0107i zadatak roditeljima na viber grupi poslao fotografiju svog polnog organa. &hellip; <\/p>\n","protected":false},"author":2,"featured_media":25509,"comment_status":"open","ping_status":"open","sticky":false,"template":"","format":"standard","meta":{"footnotes":""},"categories":[1515,1524,20,2,12],"tags":[1292,44,4926],"_links":{"self":[{"href":"https:\/\/centralmedia.rs\/index.php\/wp-json\/wp\/v2\/posts\/25508"}],"collection":[{"href":"https:\/\/centralmedia.rs\/index.php\/wp-json\/wp\/v2\/posts"}],"about":[{"href":"https:\/\/centralmedia.rs\/index.php\/wp-json\/wp\/v2\/types\/post"}],"author":[{"embeddable":true,"href":"https:\/\/centralmedia.rs\/index.php\/wp-json\/wp\/v2\/users\/2"}],"replies":[{"embeddable":true,"href":"https:\/\/centralmedia.rs\/index.php\/wp-json\/wp\/v2\/comments?post=25508"}],"version-history":[{"count":2,"href":"https:\/\/centralmedia.rs\/index.php\/wp-json\/wp\/v2\/posts\/25508\/revisions"}],"predecessor-version":[{"id":25511,"href":"https:\/\/centralmedia.rs\/index.php\/wp-json\/wp\/v2\/posts\/25508\/revisions\/25511"}],"wp:featuredmedia":[{"embeddable":true,"href":"https:\/\/centralmedia.rs\/index.php\/wp-json\/wp\/v2\/media\/25509"}],"wp:attachment":[{"href":"https:\/\/centralmedia.rs\/index.php\/wp-json\/wp\/v2\/media?parent=25508"}],"wp:term":[{"taxonomy":"category","embeddable":true,"href":"https:\/\/centralmedia.rs\/index.php\/wp-json\/wp\/v2\/categories?post=25508"},{"taxonomy":"post_tag","embeddable":true,"href":"https:\/\/centralmedia.rs\/index.php\/wp-json\/wp\/v2\/tags?post=25508"}],"curies":[{"name":"wp","href":"https:\/\/api.w.org\/{rel}","templated":true}]}}