{"id":2551,"date":"2016-03-28T11:32:46","date_gmt":"2016-03-28T11:32:46","guid":{"rendered":"http:\/\/centralmedia.rs\/?p=2551"},"modified":"2016-03-28T11:32:46","modified_gmt":"2016-03-28T11:32:46","slug":"jagodina-moj-grad-gradani-zasluzuju-bolju-vlast","status":"publish","type":"post","link":"https:\/\/centralmedia.rs\/index.php\/2016\/03\/28\/jagodina-moj-grad-gradani-zasluzuju-bolju-vlast\/","title":{"rendered":"JAGODINA MOJ GRAD &#8211; GRA\u0110ANI ZASLU\u017dUJU BOLJU VLAST"},"content":{"rendered":"<p>JAGODINA-Koalicija DS-LDP-ZZS-SPO ,,Jagodina moj grad\u201c predala je danas skra\u0107enu listu od 23 kandidata za odbornike za lokalne izbore u Jagodini.<a href=\"https:\/\/centralmedia.rs\/wp-content\/uploads\/2016\/03\/ds-ldp-zzs-spo-jagodina-g.j..jpg\" rel=\"attachment wp-att-2553\"><img loading=\"lazy\" decoding=\"async\" src=\"https:\/\/centralmedia.rs\/wp-content\/uploads\/2016\/03\/ds-ldp-zzs-spo-jagodina-g.j.-300x227.jpg\" alt=\"ds-ldp-zzs-spo-jagodina-g.j.\" width=\"300\" height=\"227\" class=\"alignnone size-medium wp-image-2553\" srcset=\"https:\/\/centralmedia.rs\/wp-content\/uploads\/2016\/03\/ds-ldp-zzs-spo-jagodina-g.j.-300x227.jpg 300w, https:\/\/centralmedia.rs\/wp-content\/uploads\/2016\/03\/ds-ldp-zzs-spo-jagodina-g.j.-768x580.jpg 768w, https:\/\/centralmedia.rs\/wp-content\/uploads\/2016\/03\/ds-ldp-zzs-spo-jagodina-g.j.-80x60.jpg 80w, https:\/\/centralmedia.rs\/wp-content\/uploads\/2016\/03\/ds-ldp-zzs-spo-jagodina-g.j..jpg 900w\" sizes=\"(max-width: 300px) 100vw, 300px\" \/><\/a><br \/>\n-Gra\u0111ani Jagodine zaslu\u017euju mnogo bolju vlast od sada\u0161nje. Zaslu\u017euju da \u017eive kao ljudi. Uverena sam da prisustvo svake odbornice i odbornika u skup\u0161tini sa liste Jagodina moj grad nema alternativu. Oni mogu da vrate dostojanstvo svakom gra\u0111aninu Jagodine, da oporave Jagodinu i vrate je Jagodincima, kazala je menad\u017eerka LDP Marija \u0110or\u0111evi\u0107 i poru\u010dila da je \u0107e prvi posao nove vlasti biti re\u0161avanje pitanja nezaposlenosti u okvirima ingerencija lokalne uprave.<a href=\"https:\/\/centralmedia.rs\/wp-content\/uploads\/2016\/03\/ds-ldp-zzs-spo-3-jagodina-g.j..jpg\" rel=\"attachment wp-att-2554\"><img loading=\"lazy\" decoding=\"async\" src=\"https:\/\/centralmedia.rs\/wp-content\/uploads\/2016\/03\/ds-ldp-zzs-spo-3-jagodina-g.j.-300x225.jpg\" alt=\"ds-ldp-zzs-spo 3-jagodina-g.j.\" width=\"300\" height=\"225\" class=\"alignnone size-medium wp-image-2554\" srcset=\"https:\/\/centralmedia.rs\/wp-content\/uploads\/2016\/03\/ds-ldp-zzs-spo-3-jagodina-g.j.-300x225.jpg 300w, https:\/\/centralmedia.rs\/wp-content\/uploads\/2016\/03\/ds-ldp-zzs-spo-3-jagodina-g.j.-768x576.jpg 768w, https:\/\/centralmedia.rs\/wp-content\/uploads\/2016\/03\/ds-ldp-zzs-spo-3-jagodina-g.j.-80x60.jpg 80w, https:\/\/centralmedia.rs\/wp-content\/uploads\/2016\/03\/ds-ldp-zzs-spo-3-jagodina-g.j.-265x198.jpg 265w, https:\/\/centralmedia.rs\/wp-content\/uploads\/2016\/03\/ds-ldp-zzs-spo-3-jagodina-g.j..jpg 900w\" sizes=\"(max-width: 300px) 100vw, 300px\" \/><\/a><br \/>\n-Ne\u0107emo to radi kao sada\u0161nja vlast koje je zapo\u0161ljavala \u010dlanove partija u javnom sektoru, ve\u0107 olak\u0161icama i ukidanjem obaveza za samozapo\u0161ljavanje, mala i srednja preduze\u0107a, dodala je ona.<br \/>\nPrvi na listi i poverenik jagodinskog DS Dragan Alempijevi\u0107 istakao je da je goru\u0107i problem Jagodine sudbina Fabrike kablova.<a href=\"https:\/\/centralmedia.rs\/wp-content\/uploads\/2016\/03\/ds-ldp-zzs-spo-2-jagodina-g.j..jpg\" rel=\"attachment wp-att-2555\"><img loading=\"lazy\" decoding=\"async\" src=\"https:\/\/centralmedia.rs\/wp-content\/uploads\/2016\/03\/ds-ldp-zzs-spo-2-jagodina-g.j.-300x225.jpg\" alt=\"ds-ldp-zzs-spo 2-jagodina-g.j.\" width=\"300\" height=\"225\" class=\"alignnone size-medium wp-image-2555\" srcset=\"https:\/\/centralmedia.rs\/wp-content\/uploads\/2016\/03\/ds-ldp-zzs-spo-2-jagodina-g.j.-300x225.jpg 300w, https:\/\/centralmedia.rs\/wp-content\/uploads\/2016\/03\/ds-ldp-zzs-spo-2-jagodina-g.j.-768x576.jpg 768w, https:\/\/centralmedia.rs\/wp-content\/uploads\/2016\/03\/ds-ldp-zzs-spo-2-jagodina-g.j.-80x60.jpg 80w, https:\/\/centralmedia.rs\/wp-content\/uploads\/2016\/03\/ds-ldp-zzs-spo-2-jagodina-g.j.-265x198.jpg 265w, https:\/\/centralmedia.rs\/wp-content\/uploads\/2016\/03\/ds-ldp-zzs-spo-2-jagodina-g.j..jpg 900w\" sizes=\"(max-width: 300px) 100vw, 300px\" \/><\/a><br \/>\n-Lokalna samouprava mora ozbiljnije i efikasnije da uklju\u010di u re\u0161avanje ovog problema, jer od toga zavisi sudbina grada. Veliki broj ljudi zaposleno je u tom preduze\u0107u i aktivnom politikom mora da se na\u0111e re\u0161enje da ti ljudi nastave rad u bilo kakvom obliku, kroz transformaciju preduze\u0107a ili sijedinjavanje sa drugim firmama. To je problem od vitalnog zna\u010daja za grad i mora biti re\u0161en uz saradnju sa lokalnom upravom, rekao je on.<br \/>\nNarednih dana ta koalicija usvoji\u0107e izborni program i done\u0107e odluku o kandidatu za gradona\u010delnika.<\/p>\n","protected":false},"excerpt":{"rendered":"<p>JAGODINA-Koalicija DS-LDP-ZZS-SPO ,,Jagodina moj grad\u201c predala je danas skra\u0107enu listu od 23 kandidata za odbornike za lokalne izbore u Jagodini. -Gra\u0111ani Jagodine zaslu\u017euju mnogo bolju &hellip; <\/p>\n","protected":false},"author":4,"featured_media":2552,"comment_status":"open","ping_status":"open","sticky":false,"template":"","format":"standard","meta":{"footnotes":""},"categories":[2,13,12],"tags":[661,643,660],"_links":{"self":[{"href":"https:\/\/centralmedia.rs\/index.php\/wp-json\/wp\/v2\/posts\/2551"}],"collection":[{"href":"https:\/\/centralmedia.rs\/index.php\/wp-json\/wp\/v2\/posts"}],"about":[{"href":"https:\/\/centralmedia.rs\/index.php\/wp-json\/wp\/v2\/types\/post"}],"author":[{"embeddable":true,"href":"https:\/\/centralmedia.rs\/index.php\/wp-json\/wp\/v2\/users\/4"}],"replies":[{"embeddable":true,"href":"https:\/\/centralmedia.rs\/index.php\/wp-json\/wp\/v2\/comments?post=2551"}],"version-history":[{"count":0,"href":"https:\/\/centralmedia.rs\/index.php\/wp-json\/wp\/v2\/posts\/2551\/revisions"}],"wp:featuredmedia":[{"embeddable":true,"href":"https:\/\/centralmedia.rs\/index.php\/wp-json\/wp\/v2\/media\/2552"}],"wp:attachment":[{"href":"https:\/\/centralmedia.rs\/index.php\/wp-json\/wp\/v2\/media?parent=2551"}],"wp:term":[{"taxonomy":"category","embeddable":true,"href":"https:\/\/centralmedia.rs\/index.php\/wp-json\/wp\/v2\/categories?post=2551"},{"taxonomy":"post_tag","embeddable":true,"href":"https:\/\/centralmedia.rs\/index.php\/wp-json\/wp\/v2\/tags?post=2551"}],"curies":[{"name":"wp","href":"https:\/\/api.w.org\/{rel}","templated":true}]}}