{"id":25512,"date":"2020-11-05T12:41:41","date_gmt":"2020-11-05T12:41:41","guid":{"rendered":"http:\/\/centralmedia.rs\/?p=25512"},"modified":"2020-11-09T21:52:44","modified_gmt":"2020-11-09T21:52:44","slug":"oslabljene-zbog-povreda-i-neigranjem-prvotimki-jagodinkama-bod-ko-kuca","status":"publish","type":"post","link":"https:\/\/centralmedia.rs\/index.php\/2020\/11\/05\/oslabljene-zbog-povreda-i-neigranjem-prvotimki-jagodinkama-bod-ko-kuca\/","title":{"rendered":"Oslabljene zbog povreda i neigranjem prvotimki &#8211;  JAGODINKAMA BOD KO KU\u0106A"},"content":{"rendered":"<p>JAGODINA-Rukometa\u0161ice Jagodine u kom\u0161ijskom derbiju sa Radni\u010dkim iz Kragujevca, utakmica 5. kola Superlige, osvojile su bod 27:27 (12:12). Naslov sa po\u010detka teksta opravdava \u010dinjenica da su u dramati\u010dnoj utakmici tridesetak sekundi pre kraja Kragujev\u010danke golom Stepanovi\u0107 povele 25:27 i da je sre\u0107a pogledala Jagodinke. Prvo je Gojkovi\u0107 sa sedam metra bila precizna 26:27, Radni\u010dki gubi loptu zbog pravila ,,3 sekunde\u201c, a potom A\u0161anin u poslednjim trenucima desnom rukom posti\u017ee gol, re\u010d je o levorukoj rukometa\u0161ici, za remi i bod ,,ko ku\u0107u\u201c. Slavile su Jagodinke bod kao da su osvojile prvenstvo, \u0161to dovoljno govori o toku utakmice. Nastuple su oslabljene \u00a0bez nekoliko klju\u010dnih igra\u010dica Jovanovi\u0107, Bulatovi\u0107, Stojanovi\u0107 i Ni\u0161avi\u0107, te sa nedovoljno oporavljenim \u0110ura\u0161inovi\u0107, Rai\u010devi\u0107, Ad\u017ei\u0107\u00a0 i Piller. Nedostatak Marije Jovanovi\u0107 u odbrani se pokazao klju\u010dnim uz lo\u0161 dan i problem sa nezale\u010denom povrednom golmanke Jelene \u0110ura\u0161inovi\u0107. Veliki problem bio je igra i realizacija sa igra\u010dem vi\u0161e kada je iskustvo Radni\u010dkog dolazilo do izra\u017eaja, dok su Jagodinke bile zbunjene napadu, nisu prosle\u0111ivale loptu slobodnoj igra\u010dici, naj\u010de\u0161\u0107e Lovri\u0107, \u00a0i neartikulisane u odbrani, pravile faulove za iskulju\u010denja. Jagodinke nisu iskoristile \u010dinjenicu da su Kragujev\u010danke bile 8 minuta du\u017ee sa igra\u010dicom manje, tako da se jo\u0161 jednom pokazalo da agresivnija ekipa dolazi do cilja. \u00a0Radni\u010dki je postigao 27 golova, \u0161to se ranijih godina nije de\u0161avalo najboljoj odbrani Superlige.<\/p>\n<div id='gallery-1' class='gallery galleryid-25512 gallery-columns-7 gallery-size-thumbnail'><figure class='gallery-item'>\n\t\t\t<div class='gallery-icon landscape'>\n\t\t\t\t<a href='https:\/\/centralmedia.rs\/index.php\/2020\/11\/05\/oslabljene-zbog-povreda-i-neigranjem-prvotimki-jagodinkama-bod-ko-kuca\/jag-radn-foto-m-ivanovic002\/'><img loading=\"lazy\" decoding=\"async\" width=\"150\" height=\"150\" src=\"https:\/\/centralmedia.rs\/wp-content\/uploads\/2020\/11\/Jag.Radn_.-foto.M.Ivanovic002-150x150.jpg\" class=\"attachment-thumbnail size-thumbnail\" alt=\"\" \/><\/a>\n\t\t\t<\/div><\/figure><figure class='gallery-item'>\n\t\t\t<div class='gallery-icon landscape'>\n\t\t\t\t<a href='https:\/\/centralmedia.rs\/index.php\/2020\/11\/05\/oslabljene-zbog-povreda-i-neigranjem-prvotimki-jagodinkama-bod-ko-kuca\/jag-radn-foto-m-ivanovic003\/'><img loading=\"lazy\" decoding=\"async\" width=\"150\" height=\"150\" src=\"https:\/\/centralmedia.rs\/wp-content\/uploads\/2020\/11\/Jag.Radn_.-foto.M.Ivanovic003-150x150.jpg\" class=\"attachment-thumbnail size-thumbnail\" alt=\"\" \/><\/a>\n\t\t\t<\/div><\/figure><figure class='gallery-item'>\n\t\t\t<div class='gallery-icon portrait'>\n\t\t\t\t<a href='https:\/\/centralmedia.rs\/index.php\/2020\/11\/05\/oslabljene-zbog-povreda-i-neigranjem-prvotimki-jagodinkama-bod-ko-kuca\/jag-radn-foto-m-ivanovic005\/'><img loading=\"lazy\" decoding=\"async\" width=\"150\" height=\"150\" src=\"https:\/\/centralmedia.rs\/wp-content\/uploads\/2020\/11\/Jag.Radn_.-foto.M.Ivanovic005-150x150.jpg\" class=\"attachment-thumbnail size-thumbnail\" alt=\"\" \/><\/a>\n\t\t\t<\/div><\/figure><figure class='gallery-item'>\n\t\t\t<div class='gallery-icon landscape'>\n\t\t\t\t<a href='https:\/\/centralmedia.rs\/index.php\/2020\/11\/05\/oslabljene-zbog-povreda-i-neigranjem-prvotimki-jagodinkama-bod-ko-kuca\/jag-radn-foto-m-ivanovic009\/'><img loading=\"lazy\" decoding=\"async\" width=\"150\" height=\"150\" src=\"https:\/\/centralmedia.rs\/wp-content\/uploads\/2020\/11\/Jag.Radn_.-foto.M.Ivanovic009-150x150.jpg\" class=\"attachment-thumbnail size-thumbnail\" alt=\"\" \/><\/a>\n\t\t\t<\/div><\/figure><figure class='gallery-item'>\n\t\t\t<div class='gallery-icon landscape'>\n\t\t\t\t<a href='https:\/\/centralmedia.rs\/index.php\/2020\/11\/05\/oslabljene-zbog-povreda-i-neigranjem-prvotimki-jagodinkama-bod-ko-kuca\/jag-radn-foto-m-ivanovic010\/'><img loading=\"lazy\" decoding=\"async\" width=\"150\" height=\"150\" src=\"https:\/\/centralmedia.rs\/wp-content\/uploads\/2020\/11\/Jag.Radn_.-foto.M.Ivanovic010-150x150.jpg\" class=\"attachment-thumbnail size-thumbnail\" alt=\"\" \/><\/a>\n\t\t\t<\/div><\/figure><figure class='gallery-item'>\n\t\t\t<div class='gallery-icon landscape'>\n\t\t\t\t<a href='https:\/\/centralmedia.rs\/index.php\/2020\/11\/05\/oslabljene-zbog-povreda-i-neigranjem-prvotimki-jagodinkama-bod-ko-kuca\/jag-radn-foto-m-ivanovic011\/'><img loading=\"lazy\" decoding=\"async\" width=\"150\" height=\"150\" src=\"https:\/\/centralmedia.rs\/wp-content\/uploads\/2020\/11\/Jag.Radn_.-foto.M.Ivanovic011-150x150.jpg\" class=\"attachment-thumbnail size-thumbnail\" alt=\"\" \/><\/a>\n\t\t\t<\/div><\/figure><figure class='gallery-item'>\n\t\t\t<div class='gallery-icon landscape'>\n\t\t\t\t<a href='https:\/\/centralmedia.rs\/index.php\/2020\/11\/05\/oslabljene-zbog-povreda-i-neigranjem-prvotimki-jagodinkama-bod-ko-kuca\/jag-radn-foto-m-ivanovic014\/'><img loading=\"lazy\" decoding=\"async\" width=\"150\" height=\"150\" src=\"https:\/\/centralmedia.rs\/wp-content\/uploads\/2020\/11\/Jag.Radn_.-foto.M.Ivanovic014-150x150.jpg\" class=\"attachment-thumbnail size-thumbnail\" alt=\"\" \/><\/a>\n\t\t\t<\/div><\/figure>\n\t\t<\/div>\n\n<p>Jagodinke su utakmicu po\u010dele lagano, ne fokusirano, kao da je re\u010d o pripremnoj utakmici, mo\u017eda i upla\u0161ene zbog mnogobrojnih problema, dok su sa druge strane Kragujev\u010danke bile agresivne u odbrani, \u0161uterski raspolo\u017eene. Do polovine prvog poluvremena Radni\u010dki je vodio sa tri gola razlike, ali nekoliko brzih golova u 17. minutu Jagodinke prelaze u vo\u0111stvo 8:7, a u 27. minutu 12:10, \u0161to je najve\u0107e vo\u0111stvo doma\u0107ih.<\/p>\n<p>U drugom poluvremenu, sem na po\u010detku, \u00a0Radni\u010dki je stvari uzeo u svoje ruke i vodio tokom ve\u0107eg dela igre, a Jagodinke su se mu\u010dile u odbrani i napadu. Vidljivo je bilo da Kragujev\u010danke vi\u0161e \u017eele gol i pobedu,koja im se sme\u0161ila, istakle su se juniorske repezentativke Petrovi\u0107 i Veli\u010dkovi\u0107, razbranila se Hasanovi\u0107 (18). Sa druge strane Kaitovi\u0107 je odr\u017eavala Jagodinu u igri sa 5 golova u drugom poluvremenu. U 60. minutu i sa rezultatom 25:27 Kragujev\u010danke su ve\u0107 po\u010dele da slave. Me\u0111utim, Jagodinke se nisu predale, iskoristile su ponu\u0111enu priliku i do\u0161le do boda. Jagodina je posle 5. kola na drugom mestu sa 9 bodova, na prvom je Naisa sa 10.<\/p>\n<p>Kod Jagodinki najefikasnije su bile\u00a0Jelena Gojkovi\u0107<strong>\u00a0<\/strong>sa 8 i\u00a0Nata\u0161a Lovri\u0107<strong>\u00a0<\/strong>sa 6 pogodaka, dok su kod Kragujev\u010danki prednja\u010dile\u00a0Katarina Stepanovi\u0107<strong>\u00a0<\/strong>sa 11 i\u00a0Ksenija Petrovi\u0107<strong>\u00a0<\/strong>sa 6 postignutih golova.<\/p>\n<p>Igra\u010d utakmice:\u00a0Tamara Kaitovi\u0107 -Jagodina<\/p>\n<p>\u017dORK Jagodina \u2013 RK Radni\u010dki: 27:27 (12:12)<\/p>\n<p>Jagodina: Hala \u201cJassa\u201d. Gledalaca:\/<br \/>\nSudije<strong>:<\/strong>\u00a0Nenad Nikoli\u0107, Du\u0161an Stojkovi\u0107<br \/>\nSedmerci:\u00a0Jagodina 6 (5), Radni\u010dki 5 (5)<br \/>\nIsklju\u010denja:\u00a0Jagodina 8 min, Radni\u010dki 16 min<\/p>\n<p>Jagodina:<strong>\u00a0<\/strong>Kosti\u0107, Ad\u017ei\u0107 1, Kaitovi\u0107 5, Majki\u0107, Piller, Siv\u010dev 1, Vuk\u010devi\u0107 1, Lovri\u0107 6, Kosanovi\u0107, Rai\u010devi\u0107, A\u0161anin 5, \u0110ura\u0161inovi\u0107 (3 odbrane), Gojkovi\u0107 8.<\/p>\n<p>Radni\u010dki:<strong>\u00a0<\/strong>Veli\u010dkovi\u0107 4, Bjelak, Stepanovi\u0107 11, Nedeljkovi\u0107, Blagojevi\u0107, Hasanovi\u0107 (18 odbrana), Vla\u0161kovi\u0107, Stoiljkovi\u0107 1, Miki\u0107, Filipovi\u0107, K. Petrovi\u0107 6, \u0110or\u0111evi\u0107, Agatunovi\u0107 2, T. Petrovi\u0107, Kolak 3.<\/p>\n<p>Foto: Mla\u0111an Ivanovi\u0107<\/p>\n","protected":false},"excerpt":{"rendered":"<p>JAGODINA-Rukometa\u0161ice Jagodine u kom\u0161ijskom derbiju sa Radni\u010dkim iz Kragujevca, utakmica 5. kola Superlige, osvojile su bod 27:27 (12:12). Naslov sa po\u010detka teksta opravdava \u010dinjenica da &hellip; <\/p>\n","protected":false},"author":2,"featured_media":25513,"comment_status":"open","ping_status":"open","sticky":false,"template":"","format":"standard","meta":{"footnotes":""},"categories":[1524,2,1514,21,12],"tags":[650,4927,220,3406],"_links":{"self":[{"href":"https:\/\/centralmedia.rs\/index.php\/wp-json\/wp\/v2\/posts\/25512"}],"collection":[{"href":"https:\/\/centralmedia.rs\/index.php\/wp-json\/wp\/v2\/posts"}],"about":[{"href":"https:\/\/centralmedia.rs\/index.php\/wp-json\/wp\/v2\/types\/post"}],"author":[{"embeddable":true,"href":"https:\/\/centralmedia.rs\/index.php\/wp-json\/wp\/v2\/users\/2"}],"replies":[{"embeddable":true,"href":"https:\/\/centralmedia.rs\/index.php\/wp-json\/wp\/v2\/comments?post=25512"}],"version-history":[{"count":3,"href":"https:\/\/centralmedia.rs\/index.php\/wp-json\/wp\/v2\/posts\/25512\/revisions"}],"predecessor-version":[{"id":25523,"href":"https:\/\/centralmedia.rs\/index.php\/wp-json\/wp\/v2\/posts\/25512\/revisions\/25523"}],"wp:featuredmedia":[{"embeddable":true,"href":"https:\/\/centralmedia.rs\/index.php\/wp-json\/wp\/v2\/media\/25513"}],"wp:attachment":[{"href":"https:\/\/centralmedia.rs\/index.php\/wp-json\/wp\/v2\/media?parent=25512"}],"wp:term":[{"taxonomy":"category","embeddable":true,"href":"https:\/\/centralmedia.rs\/index.php\/wp-json\/wp\/v2\/categories?post=25512"},{"taxonomy":"post_tag","embeddable":true,"href":"https:\/\/centralmedia.rs\/index.php\/wp-json\/wp\/v2\/tags?post=25512"}],"curies":[{"name":"wp","href":"https:\/\/api.w.org\/{rel}","templated":true}]}}