{"id":25532,"date":"2020-11-10T01:02:05","date_gmt":"2020-11-10T01:02:05","guid":{"rendered":"http:\/\/centralmedia.rs\/?p=25532"},"modified":"2020-11-15T22:30:05","modified_gmt":"2020-11-15T22:30:05","slug":"muzeji-za-10-u-paracinskom-zavicajnom-muzeju","status":"publish","type":"post","link":"https:\/\/centralmedia.rs\/index.php\/2020\/11\/10\/muzeji-za-10-u-paracinskom-zavicajnom-muzeju\/","title":{"rendered":"\u201eMuzeji za 10\u201c u para\u0107inskom Zavi\u010dajnom muzeju"},"content":{"rendered":"<p>PARA\u0106IN- U Zavi\u010dajnom muzeju u Para\u0107inu sino\u0107 je po\u010dela manifestacija \u201eMuzeji za 10\u201c koja traje do 15 novembra. Osim stalne postavke, publika \u0107e mo\u0107i da pogleda izlo\u017eba fotografija \u201e\u017divot je maskenbal\u201c autora Maje Sto\u0161i\u0107, koje su nastale u Glavici, Bo\u0161njanu i Lozoviku u periodu 2015\/2020. prilikom obele\u017eavanja Poklada. U subotu \u0107e biti otvorena izlo\u017eba u novom Kulturnom centru pod nazivom \u201eLeonardo da Vin\u010di, nau\u010dnik i pronalaza\u010d\u201c. Bi\u0107e realizovane radionice ,,Mali arheolozi\u201d i ,,Prepletaji-radionica tkanja\u201d.\u00a0Ovom manifestacijom u gradovima \u0161irom Srbije obele\u017eavaju se Me\u0111unarodni dan muzeja, Evropska no\u0107 muzeja i Nacionalna nedelja muzeja. Zbog korone, manifestacija koja se odr\u017eava u maju pomerena je za novembar.<\/p>\n","protected":false},"excerpt":{"rendered":"<p>PARA\u0106IN- U Zavi\u010dajnom muzeju u Para\u0107inu sino\u0107 je po\u010dela manifestacija \u201eMuzeji za 10\u201c koja traje do 15 novembra. Osim stalne postavke, publika \u0107e mo\u0107i da &hellip; <\/p>\n","protected":false},"author":2,"featured_media":25533,"comment_status":"open","ping_status":"open","sticky":false,"template":"","format":"standard","meta":{"footnotes":""},"categories":[1524,2,15,1516,887,12],"tags":[4875,1401,4885,156],"_links":{"self":[{"href":"https:\/\/centralmedia.rs\/index.php\/wp-json\/wp\/v2\/posts\/25532"}],"collection":[{"href":"https:\/\/centralmedia.rs\/index.php\/wp-json\/wp\/v2\/posts"}],"about":[{"href":"https:\/\/centralmedia.rs\/index.php\/wp-json\/wp\/v2\/types\/post"}],"author":[{"embeddable":true,"href":"https:\/\/centralmedia.rs\/index.php\/wp-json\/wp\/v2\/users\/2"}],"replies":[{"embeddable":true,"href":"https:\/\/centralmedia.rs\/index.php\/wp-json\/wp\/v2\/comments?post=25532"}],"version-history":[{"count":1,"href":"https:\/\/centralmedia.rs\/index.php\/wp-json\/wp\/v2\/posts\/25532\/revisions"}],"predecessor-version":[{"id":25534,"href":"https:\/\/centralmedia.rs\/index.php\/wp-json\/wp\/v2\/posts\/25532\/revisions\/25534"}],"wp:featuredmedia":[{"embeddable":true,"href":"https:\/\/centralmedia.rs\/index.php\/wp-json\/wp\/v2\/media\/25533"}],"wp:attachment":[{"href":"https:\/\/centralmedia.rs\/index.php\/wp-json\/wp\/v2\/media?parent=25532"}],"wp:term":[{"taxonomy":"category","embeddable":true,"href":"https:\/\/centralmedia.rs\/index.php\/wp-json\/wp\/v2\/categories?post=25532"},{"taxonomy":"post_tag","embeddable":true,"href":"https:\/\/centralmedia.rs\/index.php\/wp-json\/wp\/v2\/tags?post=25532"}],"curies":[{"name":"wp","href":"https:\/\/api.w.org\/{rel}","templated":true}]}}