{"id":25544,"date":"2020-11-10T01:40:11","date_gmt":"2020-11-10T01:40:11","guid":{"rendered":"http:\/\/centralmedia.rs\/?p=25544"},"modified":"2020-11-12T21:55:09","modified_gmt":"2020-11-12T21:55:09","slug":"pustena-u-rad-skela-u-tresnjevici","status":"publish","type":"post","link":"https:\/\/centralmedia.rs\/index.php\/2020\/11\/10\/pustena-u-rad-skela-u-tresnjevici\/","title":{"rendered":"PU\u0160TENA U RAD SKELA U TRE\u0160NJEVICI"},"content":{"rendered":"<p>PARA\u0106IN- Posle nekoliko od prestanka, zbog problema sa dozvolama i uskla\u0111ivanja sa propisima, pu\u0161tena je u rad skele na Velikoj Moravi kod Tre\u0161njevice u Para\u0107inu. \u00a0Doga\u0111aju je prisustvovao Goran Puzovi\u0107 direktora JVP Srbijavode.<\/p>\n<p>-Proteklih nekoliko godina radili smo dve bitne stvari za Para\u0107in. Regulacija Crnice u du\u017eini od desetak kilometra, regulacija Velike Morave kod Svojnova, a sada je pu\u0161tena u rad skela u Tre\u0161njevici posle nekoliko godina. Ima sve dozvole, \u0161to \u0107e omogu\u0107iti me\u0161tanima da do\u0111u do svojih imanja za desetak minuta. Ne\u0107e putovati po nekoliko sati i tro\u0161iti novac, rekao je on.<\/p>\n<p><img loading=\"lazy\" decoding=\"async\" class=\"alignnone wp-image-25546 size-large\" src=\"http:\/\/centralmedia.rs\/wp-content\/uploads\/2020\/11\/skela1-1024x552.jpg\" alt=\"\" width=\"640\" height=\"345\" srcset=\"https:\/\/centralmedia.rs\/wp-content\/uploads\/2020\/11\/skela1-1024x552.jpg 1024w, https:\/\/centralmedia.rs\/wp-content\/uploads\/2020\/11\/skela1-300x162.jpg 300w, https:\/\/centralmedia.rs\/wp-content\/uploads\/2020\/11\/skela1-768x414.jpg 768w, https:\/\/centralmedia.rs\/wp-content\/uploads\/2020\/11\/skela1-778x420.jpg 778w, https:\/\/centralmedia.rs\/wp-content\/uploads\/2020\/11\/skela1-640x345.jpg 640w, https:\/\/centralmedia.rs\/wp-content\/uploads\/2020\/11\/skela1-681x367.jpg 681w, https:\/\/centralmedia.rs\/wp-content\/uploads\/2020\/11\/skela1.jpg 1379w\" sizes=\"(max-width: 640px) 100vw, 640px\" \/><\/p>\n<p>Predsednik op\u0161tine Vladimir Mili\u0107evi\u0107 je istakao da su procene ve\u0161taka da su poljoprivrednici pretrpeli \u0161tetu, zbog nemogu\u0107nosti da koriste skelu, ve\u0107u od 700 hiljada evra.<\/p>\n<p>&nbsp;<\/p>\n","protected":false},"excerpt":{"rendered":"<p>PARA\u0106IN- Posle nekoliko od prestanka, zbog problema sa dozvolama i uskla\u0111ivanja sa propisima, pu\u0161tena je u rad skele na Velikoj Moravi kod Tre\u0161njevice u Para\u0107inu. &hellip; <\/p>\n","protected":false},"author":2,"featured_media":25545,"comment_status":"open","ping_status":"open","sticky":false,"template":"","format":"standard","meta":{"footnotes":""},"categories":[1524,2,1516,887,16,12],"tags":[156,1374,1373,598],"_links":{"self":[{"href":"https:\/\/centralmedia.rs\/index.php\/wp-json\/wp\/v2\/posts\/25544"}],"collection":[{"href":"https:\/\/centralmedia.rs\/index.php\/wp-json\/wp\/v2\/posts"}],"about":[{"href":"https:\/\/centralmedia.rs\/index.php\/wp-json\/wp\/v2\/types\/post"}],"author":[{"embeddable":true,"href":"https:\/\/centralmedia.rs\/index.php\/wp-json\/wp\/v2\/users\/2"}],"replies":[{"embeddable":true,"href":"https:\/\/centralmedia.rs\/index.php\/wp-json\/wp\/v2\/comments?post=25544"}],"version-history":[{"count":1,"href":"https:\/\/centralmedia.rs\/index.php\/wp-json\/wp\/v2\/posts\/25544\/revisions"}],"predecessor-version":[{"id":25547,"href":"https:\/\/centralmedia.rs\/index.php\/wp-json\/wp\/v2\/posts\/25544\/revisions\/25547"}],"wp:featuredmedia":[{"embeddable":true,"href":"https:\/\/centralmedia.rs\/index.php\/wp-json\/wp\/v2\/media\/25545"}],"wp:attachment":[{"href":"https:\/\/centralmedia.rs\/index.php\/wp-json\/wp\/v2\/media?parent=25544"}],"wp:term":[{"taxonomy":"category","embeddable":true,"href":"https:\/\/centralmedia.rs\/index.php\/wp-json\/wp\/v2\/categories?post=25544"},{"taxonomy":"post_tag","embeddable":true,"href":"https:\/\/centralmedia.rs\/index.php\/wp-json\/wp\/v2\/tags?post=25544"}],"curies":[{"name":"wp","href":"https:\/\/api.w.org\/{rel}","templated":true}]}}