{"id":25558,"date":"2020-11-10T12:53:27","date_gmt":"2020-11-10T12:53:27","guid":{"rendered":"http:\/\/centralmedia.rs\/?p=25558"},"modified":"2020-11-12T21:54:56","modified_gmt":"2020-11-12T21:54:56","slug":"jagodinska-bolnica-spremna-za-prijem-kovid-pacijenata","status":"publish","type":"post","link":"https:\/\/centralmedia.rs\/index.php\/2020\/11\/10\/jagodinska-bolnica-spremna-za-prijem-kovid-pacijenata\/","title":{"rendered":"JAGODINSKA BOLNICA BELE\u017dI POVE\u0106AN BROJ KOVID PACIJENATA"},"content":{"rendered":"<p>JAGODINA-Op\u0161ta bolnica u Jagodini bele\u017ei pove\u0107an broj pacijenata obolelih od koronavirusa, ali za sada sve slu\u017ebe rade normalno. U kovid sistemu su Neurologija i polovina Internog odeljenja, ako bude potrebe spremna je polovina Odeljenja hirurgije za prihvat novoobolelih.<\/p>\n<p><img loading=\"lazy\" decoding=\"async\" class=\"alignnone wp-image-25560 size-large\" src=\"http:\/\/centralmedia.rs\/wp-content\/uploads\/2020\/11\/bolica-jagodina-1024x498.jpg\" alt=\"\" width=\"640\" height=\"311\" srcset=\"https:\/\/centralmedia.rs\/wp-content\/uploads\/2020\/11\/bolica-jagodina-1024x498.jpg 1024w, https:\/\/centralmedia.rs\/wp-content\/uploads\/2020\/11\/bolica-jagodina-300x146.jpg 300w, https:\/\/centralmedia.rs\/wp-content\/uploads\/2020\/11\/bolica-jagodina-768x373.jpg 768w, https:\/\/centralmedia.rs\/wp-content\/uploads\/2020\/11\/bolica-jagodina-864x420.jpg 864w, https:\/\/centralmedia.rs\/wp-content\/uploads\/2020\/11\/bolica-jagodina-640x311.jpg 640w, https:\/\/centralmedia.rs\/wp-content\/uploads\/2020\/11\/bolica-jagodina-681x331.jpg 681w, https:\/\/centralmedia.rs\/wp-content\/uploads\/2020\/11\/bolica-jagodina.jpg 1800w\" sizes=\"(max-width: 640px) 100vw, 640px\" \/><\/p>\n<p>-Radimo normalno, sve slu\u017ebe su spremne za prihvat pove\u0107anog broja obolelih pacijenata. U kodiv sistemu su Neurologija i \u00a0polovina Internog odeljenja, spremna je i polovina Odeljenja hirurgije. Radimo kao \u0161to smo radili do sada, imamo iskustva i dovoljno opreme, ka\u017ee direktor Op\u0161te bolnice u Jagodini Milo\u0161 Luki\u0107.<\/p>\n<p>U Kovid ambulanti u Jagodini bele\u017ei veliki priliv suspektnih pacijenata, ju\u010de bilo preko stotinu, dok je danas duplo manje.<\/p>\n","protected":false},"excerpt":{"rendered":"<p>JAGODINA-Op\u0161ta bolnica u Jagodini bele\u017ei pove\u0107an broj pacijenata obolelih od koronavirusa, ali za sada sve slu\u017ebe rade normalno. U kovid sistemu su Neurologija i polovina &hellip; <\/p>\n","protected":false},"author":2,"featured_media":25559,"comment_status":"open","ping_status":"open","sticky":false,"template":"","format":"standard","meta":{"footnotes":""},"categories":[28,1524,2,1514,12],"tags":[58,4576,4938,472],"_links":{"self":[{"href":"https:\/\/centralmedia.rs\/index.php\/wp-json\/wp\/v2\/posts\/25558"}],"collection":[{"href":"https:\/\/centralmedia.rs\/index.php\/wp-json\/wp\/v2\/posts"}],"about":[{"href":"https:\/\/centralmedia.rs\/index.php\/wp-json\/wp\/v2\/types\/post"}],"author":[{"embeddable":true,"href":"https:\/\/centralmedia.rs\/index.php\/wp-json\/wp\/v2\/users\/2"}],"replies":[{"embeddable":true,"href":"https:\/\/centralmedia.rs\/index.php\/wp-json\/wp\/v2\/comments?post=25558"}],"version-history":[{"count":2,"href":"https:\/\/centralmedia.rs\/index.php\/wp-json\/wp\/v2\/posts\/25558\/revisions"}],"predecessor-version":[{"id":25562,"href":"https:\/\/centralmedia.rs\/index.php\/wp-json\/wp\/v2\/posts\/25558\/revisions\/25562"}],"wp:featuredmedia":[{"embeddable":true,"href":"https:\/\/centralmedia.rs\/index.php\/wp-json\/wp\/v2\/media\/25559"}],"wp:attachment":[{"href":"https:\/\/centralmedia.rs\/index.php\/wp-json\/wp\/v2\/media?parent=25558"}],"wp:term":[{"taxonomy":"category","embeddable":true,"href":"https:\/\/centralmedia.rs\/index.php\/wp-json\/wp\/v2\/categories?post=25558"},{"taxonomy":"post_tag","embeddable":true,"href":"https:\/\/centralmedia.rs\/index.php\/wp-json\/wp\/v2\/tags?post=25558"}],"curies":[{"name":"wp","href":"https:\/\/api.w.org\/{rel}","templated":true}]}}