{"id":25563,"date":"2020-11-10T12:57:32","date_gmt":"2020-11-10T12:57:32","guid":{"rendered":"http:\/\/centralmedia.rs\/?p=25563"},"modified":"2020-11-12T21:54:45","modified_gmt":"2020-11-12T21:54:45","slug":"zatvoren-vrtic-bambi-u-jagodini","status":"publish","type":"post","link":"https:\/\/centralmedia.rs\/index.php\/2020\/11\/10\/zatvoren-vrtic-bambi-u-jagodini\/","title":{"rendered":"Zatvoren vrti\u0107 ,,Bambi\u201c u Jagodini"},"content":{"rendered":"<p>JAGODINA- Zbog problema sa koronavirusom vrti\u0107 ,,Bambi\u201c u Jagodini je zatvoren, situacija u ostalih \u0161est vrti\u0107a je pod kontrolom, potvrdila je direktorka PU ,,Pionir&#8221; Violeta Nikoli\u0107, ali nije htela detaljnije da govori o tom problemu dok se ne obave testiranja svih zaposlenih u sistemu Pred\u0161kolske ustanove ,,Pionir\u201c. Re\u010d je o preko 300 radno anga\u017eovanih u sedam objekata.\u00a0 Dvadesetak zaposlenih i stotinak dece iz vrti\u0107a ,,Bambi&#8221; je u izolaciji. Kako saznajemo, kod zaposlenih u ,,Bambiju\u201c je dijagnostikovana zaraza koronom, kao i kod dece. Vrti\u0107i u Jagodni primenjuju sve preventivne mere.<\/p>\n<p>Foto: Grad Jagodina<\/p>\n","protected":false},"excerpt":{"rendered":"<p>JAGODINA- Zbog problema sa koronavirusom vrti\u0107 ,,Bambi\u201c u Jagodini je zatvoren, situacija u ostalih \u0161est vrti\u0107a je pod kontrolom, potvrdila je direktorka PU ,,Pionir&#8221; Violeta &hellip; <\/p>\n","protected":false},"author":2,"featured_media":25564,"comment_status":"open","ping_status":"open","sticky":false,"template":"","format":"standard","meta":{"footnotes":""},"categories":[14,1524,2,1514,12],"tags":[3742,58,4576,1013],"_links":{"self":[{"href":"https:\/\/centralmedia.rs\/index.php\/wp-json\/wp\/v2\/posts\/25563"}],"collection":[{"href":"https:\/\/centralmedia.rs\/index.php\/wp-json\/wp\/v2\/posts"}],"about":[{"href":"https:\/\/centralmedia.rs\/index.php\/wp-json\/wp\/v2\/types\/post"}],"author":[{"embeddable":true,"href":"https:\/\/centralmedia.rs\/index.php\/wp-json\/wp\/v2\/users\/2"}],"replies":[{"embeddable":true,"href":"https:\/\/centralmedia.rs\/index.php\/wp-json\/wp\/v2\/comments?post=25563"}],"version-history":[{"count":5,"href":"https:\/\/centralmedia.rs\/index.php\/wp-json\/wp\/v2\/posts\/25563\/revisions"}],"predecessor-version":[{"id":25569,"href":"https:\/\/centralmedia.rs\/index.php\/wp-json\/wp\/v2\/posts\/25563\/revisions\/25569"}],"wp:featuredmedia":[{"embeddable":true,"href":"https:\/\/centralmedia.rs\/index.php\/wp-json\/wp\/v2\/media\/25564"}],"wp:attachment":[{"href":"https:\/\/centralmedia.rs\/index.php\/wp-json\/wp\/v2\/media?parent=25563"}],"wp:term":[{"taxonomy":"category","embeddable":true,"href":"https:\/\/centralmedia.rs\/index.php\/wp-json\/wp\/v2\/categories?post=25563"},{"taxonomy":"post_tag","embeddable":true,"href":"https:\/\/centralmedia.rs\/index.php\/wp-json\/wp\/v2\/tags?post=25563"}],"curies":[{"name":"wp","href":"https:\/\/api.w.org\/{rel}","templated":true}]}}