{"id":25570,"date":"2020-11-10T19:55:08","date_gmt":"2020-11-10T19:55:08","guid":{"rendered":"http:\/\/centralmedia.rs\/?p=25570"},"modified":"2020-11-12T21:56:02","modified_gmt":"2020-11-12T21:56:02","slug":"rekonstrukcija-puta-vrlane-grabovac","status":"publish","type":"post","link":"https:\/\/centralmedia.rs\/index.php\/2020\/11\/10\/rekonstrukcija-puta-vrlane-grabovac\/","title":{"rendered":"REKONSTRUKCIJA PUTA VRLANE-GRABOVAC"},"content":{"rendered":"<p>SVILAJNAC-U toku je rekonstrukcija puta Vrlane- Grabovac kod Svilajnca. Prva faza, koja podrazumeva rekonstrukciju puta u du\u017eini od 1,5 kilometra, je zavr\u0161ena danas, dok \u0107e druga, koja obuhvata jo\u0161 kilometar puta, biti ura\u0111ena slede\u0107e godine.<\/p>\n<p>-Ovo je pokazatelj da mi ne pravimo razliku izme\u0111u manjih i ve\u0107ih sela i grada i slu\u0161aju\u0107i potrebe me\u0161tana Vrlana shvatili smo da je ovo jedan od njihovih prioriteta, izjavio je predsednik op\u0161tine Svilajnac Predrag Milanovi\u0107 koji je obi\u0161ao radove na asfaltiranju puta.<\/p>\n<div id='gallery-1' class='gallery galleryid-25570 gallery-columns-3 gallery-size-full'><figure class='gallery-item'>\n\t\t\t<div class='gallery-icon landscape'>\n\t\t\t\t<a href='https:\/\/centralmedia.rs\/index.php\/2020\/11\/10\/rekonstrukcija-puta-vrlane-grabovac\/put-vrlane\/'><img loading=\"lazy\" decoding=\"async\" width=\"2048\" height=\"1365\" src=\"https:\/\/centralmedia.rs\/wp-content\/uploads\/2020\/11\/put-vrlane.jpg\" class=\"attachment-full size-full\" alt=\"\" srcset=\"https:\/\/centralmedia.rs\/wp-content\/uploads\/2020\/11\/put-vrlane.jpg 2048w, https:\/\/centralmedia.rs\/wp-content\/uploads\/2020\/11\/put-vrlane-300x200.jpg 300w, https:\/\/centralmedia.rs\/wp-content\/uploads\/2020\/11\/put-vrlane-768x512.jpg 768w, https:\/\/centralmedia.rs\/wp-content\/uploads\/2020\/11\/put-vrlane-1024x683.jpg 1024w, https:\/\/centralmedia.rs\/wp-content\/uploads\/2020\/11\/put-vrlane-630x420.jpg 630w, https:\/\/centralmedia.rs\/wp-content\/uploads\/2020\/11\/put-vrlane-640x427.jpg 640w, https:\/\/centralmedia.rs\/wp-content\/uploads\/2020\/11\/put-vrlane-681x454.jpg 681w\" sizes=\"(max-width: 2048px) 100vw, 2048px\" \/><\/a>\n\t\t\t<\/div><\/figure><figure class='gallery-item'>\n\t\t\t<div class='gallery-icon landscape'>\n\t\t\t\t<a href='https:\/\/centralmedia.rs\/index.php\/2020\/11\/10\/rekonstrukcija-puta-vrlane-grabovac\/put-vrlane1\/'><img loading=\"lazy\" decoding=\"async\" width=\"2048\" height=\"1365\" src=\"https:\/\/centralmedia.rs\/wp-content\/uploads\/2020\/11\/put-vrlane1.jpg\" class=\"attachment-full size-full\" alt=\"\" srcset=\"https:\/\/centralmedia.rs\/wp-content\/uploads\/2020\/11\/put-vrlane1.jpg 2048w, https:\/\/centralmedia.rs\/wp-content\/uploads\/2020\/11\/put-vrlane1-300x200.jpg 300w, https:\/\/centralmedia.rs\/wp-content\/uploads\/2020\/11\/put-vrlane1-768x512.jpg 768w, https:\/\/centralmedia.rs\/wp-content\/uploads\/2020\/11\/put-vrlane1-1024x683.jpg 1024w, https:\/\/centralmedia.rs\/wp-content\/uploads\/2020\/11\/put-vrlane1-630x420.jpg 630w, https:\/\/centralmedia.rs\/wp-content\/uploads\/2020\/11\/put-vrlane1-640x427.jpg 640w, https:\/\/centralmedia.rs\/wp-content\/uploads\/2020\/11\/put-vrlane1-681x454.jpg 681w\" sizes=\"(max-width: 2048px) 100vw, 2048px\" \/><\/a>\n\t\t\t<\/div><\/figure><figure class='gallery-item'>\n\t\t\t<div class='gallery-icon landscape'>\n\t\t\t\t<a href='https:\/\/centralmedia.rs\/index.php\/2020\/11\/10\/rekonstrukcija-puta-vrlane-grabovac\/put-vrlane2\/'><img loading=\"lazy\" decoding=\"async\" width=\"2048\" height=\"1365\" src=\"https:\/\/centralmedia.rs\/wp-content\/uploads\/2020\/11\/put-vrlane2.jpg\" class=\"attachment-full size-full\" alt=\"\" srcset=\"https:\/\/centralmedia.rs\/wp-content\/uploads\/2020\/11\/put-vrlane2.jpg 2048w, https:\/\/centralmedia.rs\/wp-content\/uploads\/2020\/11\/put-vrlane2-300x200.jpg 300w, https:\/\/centralmedia.rs\/wp-content\/uploads\/2020\/11\/put-vrlane2-768x512.jpg 768w, https:\/\/centralmedia.rs\/wp-content\/uploads\/2020\/11\/put-vrlane2-1024x683.jpg 1024w, https:\/\/centralmedia.rs\/wp-content\/uploads\/2020\/11\/put-vrlane2-630x420.jpg 630w, https:\/\/centralmedia.rs\/wp-content\/uploads\/2020\/11\/put-vrlane2-640x427.jpg 640w, https:\/\/centralmedia.rs\/wp-content\/uploads\/2020\/11\/put-vrlane2-681x454.jpg 681w\" sizes=\"(max-width: 2048px) 100vw, 2048px\" \/><\/a>\n\t\t\t<\/div><\/figure>\n\t\t<\/div>\n\n","protected":false},"excerpt":{"rendered":"<p>SVILAJNAC-U toku je rekonstrukcija puta Vrlane- Grabovac kod Svilajnca. Prva faza, koja podrazumeva rekonstrukciju puta u du\u017eini od 1,5 kilometra, je zavr\u0161ena danas, dok \u0107e &hellip; <\/p>\n","protected":false},"author":2,"featured_media":25571,"comment_status":"open","ping_status":"open","sticky":false,"template":"","format":"standard","meta":{"footnotes":""},"categories":[1524,2,887,16,12,1517],"tags":[3247,835,3151,38,4939],"_links":{"self":[{"href":"https:\/\/centralmedia.rs\/index.php\/wp-json\/wp\/v2\/posts\/25570"}],"collection":[{"href":"https:\/\/centralmedia.rs\/index.php\/wp-json\/wp\/v2\/posts"}],"about":[{"href":"https:\/\/centralmedia.rs\/index.php\/wp-json\/wp\/v2\/types\/post"}],"author":[{"embeddable":true,"href":"https:\/\/centralmedia.rs\/index.php\/wp-json\/wp\/v2\/users\/2"}],"replies":[{"embeddable":true,"href":"https:\/\/centralmedia.rs\/index.php\/wp-json\/wp\/v2\/comments?post=25570"}],"version-history":[{"count":1,"href":"https:\/\/centralmedia.rs\/index.php\/wp-json\/wp\/v2\/posts\/25570\/revisions"}],"predecessor-version":[{"id":25574,"href":"https:\/\/centralmedia.rs\/index.php\/wp-json\/wp\/v2\/posts\/25570\/revisions\/25574"}],"wp:featuredmedia":[{"embeddable":true,"href":"https:\/\/centralmedia.rs\/index.php\/wp-json\/wp\/v2\/media\/25571"}],"wp:attachment":[{"href":"https:\/\/centralmedia.rs\/index.php\/wp-json\/wp\/v2\/media?parent=25570"}],"wp:term":[{"taxonomy":"category","embeddable":true,"href":"https:\/\/centralmedia.rs\/index.php\/wp-json\/wp\/v2\/categories?post=25570"},{"taxonomy":"post_tag","embeddable":true,"href":"https:\/\/centralmedia.rs\/index.php\/wp-json\/wp\/v2\/tags?post=25570"}],"curies":[{"name":"wp","href":"https:\/\/api.w.org\/{rel}","templated":true}]}}