{"id":25590,"date":"2020-11-12T20:50:13","date_gmt":"2020-11-12T20:50:13","guid":{"rendered":"http:\/\/centralmedia.rs\/?p=25590"},"modified":"2020-11-24T20:48:50","modified_gmt":"2020-11-24T20:48:50","slug":"tragedija-kod-jagodine-ovan-ubio-coveka-u-donjem-misevicu","status":"publish","type":"post","link":"https:\/\/centralmedia.rs\/index.php\/2020\/11\/12\/tragedija-kod-jagodine-ovan-ubio-coveka-u-donjem-misevicu\/","title":{"rendered":"TRAGEDIJA KOD JAGODINE &#8211; OVAN UBIO \u010cOVEKA U DONJEM MI\u0160EVI\u0106U"},"content":{"rendered":"<p>JAGODINA- Vojkan Jevti\u0107 (56) iz Donjeg Mi\u0161evi\u0107a kod Jagodine smrtno je stradao od te\u0161kih povreda koje mu je udarcima u le\u0111a i glavu naneo njegov ovan star tri godine i te\u017eak preko 100 kilograma. On je \u010duvao stado ovaca i koza, od toga se izdr\u017eavao, kao i njegovi stari roditelji. Nesvakida\u0161nja tragedija, pod jo\u0161 nerasvetljenim okolnostima, odigrala se na imanju Jevti\u0107a ju\u010de oko podneva. Nije bilo o\u010devidaca. Vojkan nije izvodio ovce na pa\u0161u, nego je ne\u0161to ure\u0111ivao u toru. Kako me\u0161tani pretpostavlaju on se koncentrisao na taj posao, te nije obratio pa\u017enju na ratobornog ovna. \u00a0Bio je krhkog zdravlja i ovaj ga je iznenadio ga udarcem u ki\u010dmu, a zatim u glavu. Vojkan je odmah podlego povredama. Nije poznato koliko je bilo udaraca, ali prvi mu je polomio ki\u010dmu i oborio ga, kobni su bili udarac ili udarci u glavu.<\/p>\n<p>-Jevti\u0107 je bio omiljen u selu i svi su ga poznavali, imao uro\u0111enu manu, te\u017eak deformitet ki\u010dme. Bio je dobar i svi smo zate\u010deni sa ve\u0161\u0107u da je preminuo od svog ovna. \u010cuvao je i pazio svoje stado. Bio je aktivan, iako lo\u0161eg zdravlja. Nije se \u017ealio na svoju te\u0161ku sudbinu, poku\u0161avao je da \u010duva i brine ostarelim roditeljima. Velika tuga, pri\u010daju kom\u0161ije i\u00a0 me\u0161tani Donjeg Mi\u0161evi\u0107a.<\/p>\n<div id='gallery-1' class='gallery galleryid-25590 gallery-columns-3 gallery-size-full'><figure class='gallery-item'>\n\t\t\t<div class='gallery-icon portrait'>\n\t\t\t\t<a href='https:\/\/centralmedia.rs\/index.php\/2020\/11\/12\/tragedija-kod-jagodine-ovan-ubio-coveka-u-donjem-misevicu\/ovce\/'><img loading=\"lazy\" decoding=\"async\" width=\"640\" height=\"1316\" src=\"https:\/\/centralmedia.rs\/wp-content\/uploads\/2020\/11\/ovce.jpg\" class=\"attachment-full size-full\" alt=\"\" srcset=\"https:\/\/centralmedia.rs\/wp-content\/uploads\/2020\/11\/ovce.jpg 640w, https:\/\/centralmedia.rs\/wp-content\/uploads\/2020\/11\/ovce-146x300.jpg 146w, https:\/\/centralmedia.rs\/wp-content\/uploads\/2020\/11\/ovce-498x1024.jpg 498w, https:\/\/centralmedia.rs\/wp-content\/uploads\/2020\/11\/ovce-204x420.jpg 204w\" sizes=\"(max-width: 640px) 100vw, 640px\" \/><\/a>\n\t\t\t<\/div><\/figure><figure class='gallery-item'>\n\t\t\t<div class='gallery-icon portrait'>\n\t\t\t\t<a href='https:\/\/centralmedia.rs\/index.php\/2020\/11\/12\/tragedija-kod-jagodine-ovan-ubio-coveka-u-donjem-misevicu\/ovce2\/'><img loading=\"lazy\" decoding=\"async\" width=\"640\" height=\"1316\" src=\"https:\/\/centralmedia.rs\/wp-content\/uploads\/2020\/11\/ovce2.jpg\" class=\"attachment-full size-full\" alt=\"\" srcset=\"https:\/\/centralmedia.rs\/wp-content\/uploads\/2020\/11\/ovce2.jpg 640w, https:\/\/centralmedia.rs\/wp-content\/uploads\/2020\/11\/ovce2-146x300.jpg 146w, https:\/\/centralmedia.rs\/wp-content\/uploads\/2020\/11\/ovce2-498x1024.jpg 498w, https:\/\/centralmedia.rs\/wp-content\/uploads\/2020\/11\/ovce2-204x420.jpg 204w\" sizes=\"(max-width: 640px) 100vw, 640px\" \/><\/a>\n\t\t\t<\/div><\/figure><figure class='gallery-item'>\n\t\t\t<div class='gallery-icon portrait'>\n\t\t\t\t<a href='https:\/\/centralmedia.rs\/index.php\/2020\/11\/12\/tragedija-kod-jagodine-ovan-ubio-coveka-u-donjem-misevicu\/ovce3\/'><img loading=\"lazy\" decoding=\"async\" width=\"640\" height=\"1316\" src=\"https:\/\/centralmedia.rs\/wp-content\/uploads\/2020\/11\/ovce3.jpg\" class=\"attachment-full size-full\" alt=\"\" srcset=\"https:\/\/centralmedia.rs\/wp-content\/uploads\/2020\/11\/ovce3.jpg 640w, https:\/\/centralmedia.rs\/wp-content\/uploads\/2020\/11\/ovce3-146x300.jpg 146w, https:\/\/centralmedia.rs\/wp-content\/uploads\/2020\/11\/ovce3-498x1024.jpg 498w, https:\/\/centralmedia.rs\/wp-content\/uploads\/2020\/11\/ovce3-204x420.jpg 204w\" sizes=\"(max-width: 640px) 100vw, 640px\" \/><\/a>\n\t\t\t<\/div><\/figure>\n\t\t<\/div>\n\n<p>Njega su mrtvog prona\u0161li roditelji koji su pozvali kom\u0161ije, a zatim mla\u0111eg sina koji radi u MUP Srbija.<\/p>\n<p>-\u017dao mi je Vojkana, bio je dobar \u010dovek. Lepo je \u010duvao svoje stado. Nije retkost da ovnovi udaraju, ali uglavnom povre\u0111uju, ba\u0161 retko se de\u0161ava da ubiju. Sto\u010dari kada primete da je ovan ratoboran ili ga prodaju ili zakolju. Re\u010d je o \u017eivotinji od oko 100 kilograma, koja mo\u017ee da nanese veoma te\u0161ke povrede, ka\u017eu jagodinski veterinari.<\/p>\n<p>Lekari isti\u010du da Jevti\u0107u nije bilo spasa, jer mu je zdravlje bilo naru\u0161eno.<\/p>\n","protected":false},"excerpt":{"rendered":"<p>JAGODINA- Vojkan Jevti\u0107 (56) iz Donjeg Mi\u0161evi\u0107a kod Jagodine smrtno je stradao od te\u0161kih povreda koje mu je udarcima u le\u0111a i glavu naneo njegov &hellip; <\/p>\n","protected":false},"author":2,"featured_media":25591,"comment_status":"open","ping_status":"open","sticky":false,"template":"","format":"standard","meta":{"footnotes":""},"categories":[1524,20,2,1514,12],"tags":[4944,58,4941,4943,4942],"_links":{"self":[{"href":"https:\/\/centralmedia.rs\/index.php\/wp-json\/wp\/v2\/posts\/25590"}],"collection":[{"href":"https:\/\/centralmedia.rs\/index.php\/wp-json\/wp\/v2\/posts"}],"about":[{"href":"https:\/\/centralmedia.rs\/index.php\/wp-json\/wp\/v2\/types\/post"}],"author":[{"embeddable":true,"href":"https:\/\/centralmedia.rs\/index.php\/wp-json\/wp\/v2\/users\/2"}],"replies":[{"embeddable":true,"href":"https:\/\/centralmedia.rs\/index.php\/wp-json\/wp\/v2\/comments?post=25590"}],"version-history":[{"count":1,"href":"https:\/\/centralmedia.rs\/index.php\/wp-json\/wp\/v2\/posts\/25590\/revisions"}],"predecessor-version":[{"id":25595,"href":"https:\/\/centralmedia.rs\/index.php\/wp-json\/wp\/v2\/posts\/25590\/revisions\/25595"}],"wp:featuredmedia":[{"embeddable":true,"href":"https:\/\/centralmedia.rs\/index.php\/wp-json\/wp\/v2\/media\/25591"}],"wp:attachment":[{"href":"https:\/\/centralmedia.rs\/index.php\/wp-json\/wp\/v2\/media?parent=25590"}],"wp:term":[{"taxonomy":"category","embeddable":true,"href":"https:\/\/centralmedia.rs\/index.php\/wp-json\/wp\/v2\/categories?post=25590"},{"taxonomy":"post_tag","embeddable":true,"href":"https:\/\/centralmedia.rs\/index.php\/wp-json\/wp\/v2\/tags?post=25590"}],"curies":[{"name":"wp","href":"https:\/\/api.w.org\/{rel}","templated":true}]}}