{"id":25640,"date":"2020-11-17T16:10:13","date_gmt":"2020-11-17T16:10:13","guid":{"rendered":"http:\/\/centralmedia.rs\/?p=25640"},"modified":"2020-11-24T20:07:21","modified_gmt":"2020-11-24T20:07:21","slug":"sednica-kriznog-staba-opstine-svilajnac","status":"publish","type":"post","link":"https:\/\/centralmedia.rs\/index.php\/2020\/11\/17\/sednica-kriznog-staba-opstine-svilajnac\/","title":{"rendered":"SEDNICA KRIZNOG \u0160TABA OP\u0160TINE SVILAJNAC"},"content":{"rendered":"<p>SVILAJNAC-Danas je odr\u017eana sednica Kriznog \u0161taba op\u0161tine Svilajnac na kojoj su, usled progla\u0161ene vanredne situacije zbog \u0161irenja zarazne bolesti COVID-19, donete slede\u0107e odluke i zaklju\u010dci:<\/p>\n<div id='gallery-1' class='gallery galleryid-25640 gallery-columns-3 gallery-size-full'><figure class='gallery-item'>\n\t\t\t<div class='gallery-icon landscape'>\n\t\t\t\t<a href='https:\/\/centralmedia.rs\/index.php\/2020\/11\/17\/sednica-kriznog-staba-opstine-svilajnac\/stab1-3\/'><img loading=\"lazy\" decoding=\"async\" width=\"2048\" height=\"1365\" src=\"https:\/\/centralmedia.rs\/wp-content\/uploads\/2020\/11\/stab1.jpg\" class=\"attachment-full size-full\" alt=\"\" srcset=\"https:\/\/centralmedia.rs\/wp-content\/uploads\/2020\/11\/stab1.jpg 2048w, https:\/\/centralmedia.rs\/wp-content\/uploads\/2020\/11\/stab1-300x200.jpg 300w, https:\/\/centralmedia.rs\/wp-content\/uploads\/2020\/11\/stab1-768x512.jpg 768w, https:\/\/centralmedia.rs\/wp-content\/uploads\/2020\/11\/stab1-1024x683.jpg 1024w, https:\/\/centralmedia.rs\/wp-content\/uploads\/2020\/11\/stab1-630x420.jpg 630w, https:\/\/centralmedia.rs\/wp-content\/uploads\/2020\/11\/stab1-640x427.jpg 640w, https:\/\/centralmedia.rs\/wp-content\/uploads\/2020\/11\/stab1-681x454.jpg 681w\" sizes=\"(max-width: 2048px) 100vw, 2048px\" \/><\/a>\n\t\t\t<\/div><\/figure><figure class='gallery-item'>\n\t\t\t<div class='gallery-icon landscape'>\n\t\t\t\t<a href='https:\/\/centralmedia.rs\/index.php\/2020\/11\/17\/sednica-kriznog-staba-opstine-svilajnac\/stab2-2\/'><img loading=\"lazy\" decoding=\"async\" width=\"2048\" height=\"1365\" src=\"https:\/\/centralmedia.rs\/wp-content\/uploads\/2020\/11\/stab2.jpg\" class=\"attachment-full size-full\" alt=\"\" srcset=\"https:\/\/centralmedia.rs\/wp-content\/uploads\/2020\/11\/stab2.jpg 2048w, https:\/\/centralmedia.rs\/wp-content\/uploads\/2020\/11\/stab2-300x200.jpg 300w, https:\/\/centralmedia.rs\/wp-content\/uploads\/2020\/11\/stab2-768x512.jpg 768w, https:\/\/centralmedia.rs\/wp-content\/uploads\/2020\/11\/stab2-1024x683.jpg 1024w, https:\/\/centralmedia.rs\/wp-content\/uploads\/2020\/11\/stab2-630x420.jpg 630w, https:\/\/centralmedia.rs\/wp-content\/uploads\/2020\/11\/stab2-640x427.jpg 640w, https:\/\/centralmedia.rs\/wp-content\/uploads\/2020\/11\/stab2-681x454.jpg 681w\" sizes=\"(max-width: 2048px) 100vw, 2048px\" \/><\/a>\n\t\t\t<\/div><\/figure><figure class='gallery-item'>\n\t\t\t<div class='gallery-icon landscape'>\n\t\t\t\t<a href='https:\/\/centralmedia.rs\/index.php\/2020\/11\/17\/sednica-kriznog-staba-opstine-svilajnac\/stab-6\/'><img loading=\"lazy\" decoding=\"async\" width=\"2048\" height=\"1365\" src=\"https:\/\/centralmedia.rs\/wp-content\/uploads\/2020\/11\/stab.jpg\" class=\"attachment-full size-full\" alt=\"\" srcset=\"https:\/\/centralmedia.rs\/wp-content\/uploads\/2020\/11\/stab.jpg 2048w, https:\/\/centralmedia.rs\/wp-content\/uploads\/2020\/11\/stab-300x200.jpg 300w, https:\/\/centralmedia.rs\/wp-content\/uploads\/2020\/11\/stab-768x512.jpg 768w, https:\/\/centralmedia.rs\/wp-content\/uploads\/2020\/11\/stab-1024x683.jpg 1024w, https:\/\/centralmedia.rs\/wp-content\/uploads\/2020\/11\/stab-630x420.jpg 630w, https:\/\/centralmedia.rs\/wp-content\/uploads\/2020\/11\/stab-640x427.jpg 640w, https:\/\/centralmedia.rs\/wp-content\/uploads\/2020\/11\/stab-681x454.jpg 681w\" sizes=\"(max-width: 2048px) 100vw, 2048px\" \/><\/a>\n\t\t\t<\/div><\/figure>\n\t\t<\/div>\n\n<ol>\n<li>U periodu po\u010dev od 17. novembra 2020. godine zaklju\u010dno sa 1. decembrom 2020. godine, odre\u0111uje se radno vreme ugostiteljskih objekata, prodavnica, trgovinskih centara i drugih maloprodajnih trgovinskih objekata, pozori\u0161ta i bioskopa, prire\u0111iva\u010da posebnih i klasi\u010dnih igara na sre\u0107u, izuzev radnog vremena apoteka, benzinskih pumpi u obavljanju delatnosti prodaje goriva i ugostiteljskih i drugih objekata koji vr\u0161e dostavu hrane, ograni\u010dava se tako da ti objekti ne\u0107e raditi od 21.00 \u010dasa do 05.00 \u010dasova narednog dana.<\/li>\n<li>Ograni\u010dava se radno vreme pekara, kioska brze hrane i sli\u010dnih uslu\u017enih radnji tako da ti objekti ne\u0107e raditi od 21.00 \u010das do 05.00 \u010dasova narednog dana, osim pripreme i dostave hrane na ku\u0107nu adresu.<\/li>\n<li>U ovim objektima nije dozvoljeno organizovanje proslava kao i bilo kakvo izvo\u0111enje muzi\u010dko\/scenskog programa.<\/li>\n<li>Navedena ograni\u010denja iz prethodnih stavova odnose se i na ugostiteljske objekte koji posluju u okviru benzinskih stanica (pumpi), kao i na rad kladionica, kockarnica i drugih sli\u010dnih objekata.<\/li>\n<li>Vlasnici odnosno zakupci ugostiteljskih objekata iz prethodnog stava du\u017eni su da, po\u0161tuju\u0107i sve sanitarne preporuke i propisane mere, goste do 21.00 \u010das udalje iz svojih objekta.<\/li>\n<li>Nare\u0111uje se prilago\u0111avanje rada ugostiteljskih objekata tako da za jednim stolom ne mogu sedeti vi\u0161e od dva lica, izuzev ako su u pitanju roditelji i maloletna deca ili lica koja \u017eive u zajedni\u010dkom doma\u0107instvu, uz obavezni razmak od dva metra izme\u0111u stolova.<\/li>\n<li>Nare\u0111uje se vlasnicima ugostiteljskih objekata da obezbede obavezni razmak izme\u0111u stolova od najmanje dva metra, odnosno du\u017eni su da obezbede minimalnu fizi\u010dku distancu od 2 metra izme\u0111u gostiju koji sede za susednim stolovima kao i vidno istaknu dozvoljen broj lica u objektu.<\/li>\n<li>Nare\u0111uje se vlasnicima ugostiteljskih objekata da letnje ba\u0161te i sav prate\u0107i mobilijar uklone do 21.00 \u010das 19.11.2020. godine.<\/li>\n<li>Osoblje ugostiteljskih objekata sve vreme mora nositi za\u0161titnu masku, dok gosti navedenih ugostiteljskih objekata mogu da skinu za\u0161titne maske samo dok sede za stolom, ali ih moraju nositi dok ulaze ili izlaze iz ugostiteljskog objekta ili idu u toalet ili druge prostorije istog.<\/li>\n<li>Nare\u0111uje se privrednim subjektima koji obavljaju ugostiteljsku delatnost, delatnost u trgovinskim formatima (tr\u017eni centri, hipermarketi, supermarketi, mini marketi\u2026) i vr\u0161e usluge, kao i privrednim subjektima koji ne pru\u017eaju usluge stanovni\u0161tvu, da odrede lice odgovorno za sprovo\u0111enje epidemiolo\u0161kih za\u0161titnih mera.<\/li>\n<li>Na ulazu u objekat u kojem privredni subjekti obavljaju ugostiteljsku delatnost i trgovinsku delatnost moraju biti istaknuti podaci o licu odgovornom za sprovo\u0111enje epidemiolo\u0161kih za\u0161titnih mera, kao i da se vidno istakne dozvoljen broj lica u objektu.<\/li>\n<\/ol>\n<p>Sprovo\u0111enje mera za\u0161tite iz ove Naredbe, u skladu sa Zakonom o za\u0161titi stanovni\u0161tva od zaraznih bolesti (&#8220;Sl.glasnik RS&#8221;, broj 15\/2016, 68\/2020 i 136\/2020) i utvr\u0111enim ovla\u0161\u0107enjima iz \u010dlana 46a vr\u0161i\u0107e komunalna inspekcija Odeljenja za inspekcijski nadzor i poljoprivredu Op\u0161tinske uprave op\u0161tine Svilajnac.<\/p>\n<p>Svako nepo\u0161tovanje mera utvr\u0111enih ovom Naredbom povla\u010di prekr\u0161ajnu odgovornost fizi\u010dkog, pravnog lica i odgovornog lica u pravnom licu.<\/p>\n<p>Mandatnom-nov\u010danom kaznom od 5.000 dinara kazni\u0107e se za prekr\u0161aj fizi\u010dko lice koje kr\u0161i meru obaveznog no\u0161enja za\u0161titne maske u skladu sa Uredbom o merama za spre\u010davanje i suzbijanje zarazne bolesti COVID\u201319, Zakonom o za\u0161titi stanovni\u0161tva od zaraznih bolesti i ovom Naredbom.<\/p>\n<p>Propisanom mandatnom-nov\u010danom kaznom kazni\u0107e se pravno lice i odgovorno lice u pravnom licu za nepo\u0161tovanje odredaba ove Naredbe, a u skladu sa \u010dlanom 85a. Zakona o za\u0161titi stanovni\u0161tva od zaraznih bolesti.<\/p>\n","protected":false},"excerpt":{"rendered":"<p>SVILAJNAC-Danas je odr\u017eana sednica Kriznog \u0161taba op\u0161tine Svilajnac na kojoj su, usled progla\u0161ene vanredne situacije zbog \u0161irenja zarazne bolesti COVID-19, donete slede\u0107e odluke i zaklju\u010dci: &hellip; <\/p>\n","protected":false},"author":2,"featured_media":25641,"comment_status":"open","ping_status":"open","sticky":false,"template":"","format":"standard","meta":{"footnotes":""},"categories":[14,1524,2,887,12,1517],"tags":[4576,4463,38,431],"_links":{"self":[{"href":"https:\/\/centralmedia.rs\/index.php\/wp-json\/wp\/v2\/posts\/25640"}],"collection":[{"href":"https:\/\/centralmedia.rs\/index.php\/wp-json\/wp\/v2\/posts"}],"about":[{"href":"https:\/\/centralmedia.rs\/index.php\/wp-json\/wp\/v2\/types\/post"}],"author":[{"embeddable":true,"href":"https:\/\/centralmedia.rs\/index.php\/wp-json\/wp\/v2\/users\/2"}],"replies":[{"embeddable":true,"href":"https:\/\/centralmedia.rs\/index.php\/wp-json\/wp\/v2\/comments?post=25640"}],"version-history":[{"count":1,"href":"https:\/\/centralmedia.rs\/index.php\/wp-json\/wp\/v2\/posts\/25640\/revisions"}],"predecessor-version":[{"id":25644,"href":"https:\/\/centralmedia.rs\/index.php\/wp-json\/wp\/v2\/posts\/25640\/revisions\/25644"}],"wp:featuredmedia":[{"embeddable":true,"href":"https:\/\/centralmedia.rs\/index.php\/wp-json\/wp\/v2\/media\/25641"}],"wp:attachment":[{"href":"https:\/\/centralmedia.rs\/index.php\/wp-json\/wp\/v2\/media?parent=25640"}],"wp:term":[{"taxonomy":"category","embeddable":true,"href":"https:\/\/centralmedia.rs\/index.php\/wp-json\/wp\/v2\/categories?post=25640"},{"taxonomy":"post_tag","embeddable":true,"href":"https:\/\/centralmedia.rs\/index.php\/wp-json\/wp\/v2\/tags?post=25640"}],"curies":[{"name":"wp","href":"https:\/\/api.w.org\/{rel}","templated":true}]}}