{"id":2565,"date":"2016-03-29T15:18:56","date_gmt":"2016-03-29T15:18:56","guid":{"rendered":"http:\/\/centralmedia.rs\/?p=2565"},"modified":"2017-01-20T02:38:14","modified_gmt":"2017-01-20T02:38:14","slug":"za-obnovu-javnih-objekata-13-miliona-evra","status":"publish","type":"post","link":"https:\/\/centralmedia.rs\/index.php\/2016\/03\/29\/za-obnovu-javnih-objekata-13-miliona-evra\/","title":{"rendered":"ZA OBNOVU JAVNIH OBJEKATA 13 MILIONA EVRA"},"content":{"rendered":"<p>SVILAJNAC-U ovom trenutku u Srbiji u toku je obnova 51. javnog objekata u 30 lokalnih samouprava, vredna 5 miliona evra, koji su u vlasni\u0161tvu lokalnih uprava, a u drugoj fazi bi\u0107e obuhva\u0107eno preko 80 objekata u vrednosti 8 miliona evra, izjavio je danas u Svilajancu direktor Kancelarije za obnovu Marko Blagojevi\u0107 prilikom posete Ma\u0161inskoj \u0161koli. On je dodao da je ta op\u0161tina najve\u0107i korisnik sredstava Fonda solidarnosti Evropske Unije, jer je bila najaktivnija i da je to pravac u koji treba da slede i ostali. <a href=\"https:\/\/centralmedia.rs\/wp-content\/uploads\/2016\/03\/skola-1-svilajnac-g.j..jpg\" rel=\"attachment wp-att-2561\"><img loading=\"lazy\" decoding=\"async\" class=\"alignnone size-medium wp-image-2561\" src=\"https:\/\/centralmedia.rs\/wp-content\/uploads\/2016\/03\/skola-1-svilajnac-g.j.-300x200.jpg\" alt=\"skola 1-svilajnac-g.j.\" width=\"300\" height=\"200\" srcset=\"https:\/\/centralmedia.rs\/wp-content\/uploads\/2016\/03\/skola-1-svilajnac-g.j.-300x200.jpg 300w, https:\/\/centralmedia.rs\/wp-content\/uploads\/2016\/03\/skola-1-svilajnac-g.j.-768x513.jpg 768w, https:\/\/centralmedia.rs\/wp-content\/uploads\/2016\/03\/skola-1-svilajnac-g.j..jpg 900w\" sizes=\"(max-width: 300px) 100vw, 300px\" \/><\/a><br \/>\n-U svakoj lokalnoj samoupravi bi\u0107e u ovoj godini rekonstruisan najmanje jedan objekat. Cilj projekta nije umivanje objekata, ve\u0107 potpuna rekonstrukcija i vra\u0107anje u njihovo prvobitno stanje. Posle zavr\u0161etka radova, te objekte ne treba gra\u0111evinski tretirati narednih 20 godina. Sem \u0161to je potrebno \u010di\u0161\u0107enje i kre\u010denje, rekao je Blagojevi\u0107.<br \/>\nTaj posao traja\u0107e godinama, jer je re\u010d o vi\u0161e hiljada objekata, ali \u0107e rezultati trajati vi\u0161e decenija, objasnio je on.<a href=\"https:\/\/centralmedia.rs\/wp-content\/uploads\/2016\/03\/skola-3-svilajnac-g.j..jpg\" rel=\"attachment wp-att-2562\"><img loading=\"lazy\" decoding=\"async\" class=\"alignnone size-medium wp-image-2562\" src=\"https:\/\/centralmedia.rs\/wp-content\/uploads\/2016\/03\/skola-3-svilajnac-g.j.-300x203.jpg\" alt=\"skola 3-svilajnac-g.j.\" width=\"300\" height=\"203\" srcset=\"https:\/\/centralmedia.rs\/wp-content\/uploads\/2016\/03\/skola-3-svilajnac-g.j.-300x203.jpg 300w, https:\/\/centralmedia.rs\/wp-content\/uploads\/2016\/03\/skola-3-svilajnac-g.j.-768x520.jpg 768w, https:\/\/centralmedia.rs\/wp-content\/uploads\/2016\/03\/skola-3-svilajnac-g.j..jpg 900w\" sizes=\"(max-width: 300px) 100vw, 300px\" \/><\/a><br \/>\n-U kompletnu rekonstrukciju Gimnazije i Ma\u0161inske srednje \u0161kole u Svilajancu iz fondova EU ulo\u017eeno je 60 miliona dinara, izjavio je predsednik te op\u0161tine Predrag Milanovi\u0107 i dodao da \u0107e Fondacija Novaka \u0110okovi\u0107a ili op\u0161tina obezbediti nove klupe, stolice i table.<br \/>\n-Zavr\u0161avamo tender za izgradnju fiskulturne sale u vrednosti 100 miliona dinara. O\u010dekujem po\u010detak radova u aprilu, dodao je Milanovi\u0107.<a href=\"https:\/\/centralmedia.rs\/wp-content\/uploads\/2016\/03\/skola-2-svilajnac-g.j..jpg\" rel=\"attachment wp-att-2566\"><img loading=\"lazy\" decoding=\"async\" class=\"alignnone size-medium wp-image-2566\" src=\"https:\/\/centralmedia.rs\/wp-content\/uploads\/2016\/03\/skola-2-svilajnac-g.j.-300x211.jpg\" alt=\"skola 2-svilajnac-g.j.\" width=\"300\" height=\"211\" srcset=\"https:\/\/centralmedia.rs\/wp-content\/uploads\/2016\/03\/skola-2-svilajnac-g.j.-300x211.jpg 300w, https:\/\/centralmedia.rs\/wp-content\/uploads\/2016\/03\/skola-2-svilajnac-g.j.-768x539.jpg 768w, https:\/\/centralmedia.rs\/wp-content\/uploads\/2016\/03\/skola-2-svilajnac-g.j.-100x70.jpg 100w, https:\/\/centralmedia.rs\/wp-content\/uploads\/2016\/03\/skola-2-svilajnac-g.j..jpg 900w\" sizes=\"(max-width: 300px) 100vw, 300px\" \/><\/a><br \/>\nOn je sa Blagojevi\u0107em posetio po\u010detak izgradnje mosta u Kupinovcu i rekonstrukciju ambulante u Sedlaru, a ukupna vrednost radova je 10 miliona dinara.<\/p>\n<p>&nbsp;<\/p>\n<p><strong><em>Svilajna\u010dka razglednica \u2013 Projekat se realizuje uz pomo\u0107 sredstava iz bud\u017eeta Op\u0161tine Svilajnac.<\/em><\/strong><\/p>\n","protected":false},"excerpt":{"rendered":"<p>SVILAJNAC-U ovom trenutku u Srbiji u toku je obnova 51. javnog objekata u 30 lokalnih samouprava, vredna 5 miliona evra, koji su u vlasni\u0161tvu lokalnih &hellip; <\/p>\n","protected":false},"author":4,"featured_media":2560,"comment_status":"open","ping_status":"open","sticky":false,"template":"","format":"standard","meta":{"footnotes":""},"categories":[1524,2,13,887,12,1517],"tags":[663,564,662,38],"_links":{"self":[{"href":"https:\/\/centralmedia.rs\/index.php\/wp-json\/wp\/v2\/posts\/2565"}],"collection":[{"href":"https:\/\/centralmedia.rs\/index.php\/wp-json\/wp\/v2\/posts"}],"about":[{"href":"https:\/\/centralmedia.rs\/index.php\/wp-json\/wp\/v2\/types\/post"}],"author":[{"embeddable":true,"href":"https:\/\/centralmedia.rs\/index.php\/wp-json\/wp\/v2\/users\/4"}],"replies":[{"embeddable":true,"href":"https:\/\/centralmedia.rs\/index.php\/wp-json\/wp\/v2\/comments?post=2565"}],"version-history":[{"count":0,"href":"https:\/\/centralmedia.rs\/index.php\/wp-json\/wp\/v2\/posts\/2565\/revisions"}],"wp:featuredmedia":[{"embeddable":true,"href":"https:\/\/centralmedia.rs\/index.php\/wp-json\/wp\/v2\/media\/2560"}],"wp:attachment":[{"href":"https:\/\/centralmedia.rs\/index.php\/wp-json\/wp\/v2\/media?parent=2565"}],"wp:term":[{"taxonomy":"category","embeddable":true,"href":"https:\/\/centralmedia.rs\/index.php\/wp-json\/wp\/v2\/categories?post=2565"},{"taxonomy":"post_tag","embeddable":true,"href":"https:\/\/centralmedia.rs\/index.php\/wp-json\/wp\/v2\/tags?post=2565"}],"curies":[{"name":"wp","href":"https:\/\/api.w.org\/{rel}","templated":true}]}}