{"id":25666,"date":"2020-11-19T20:55:18","date_gmt":"2020-11-19T20:55:18","guid":{"rendered":"http:\/\/centralmedia.rs\/?p=25666"},"modified":"2020-11-24T20:08:12","modified_gmt":"2020-11-24T20:08:12","slug":"manifesacije-posvecene-deci","status":"publish","type":"post","link":"https:\/\/centralmedia.rs\/index.php\/2020\/11\/19\/manifesacije-posvecene-deci\/","title":{"rendered":"MANIFESTACIJE POSVE\u0106ENE DECI"},"content":{"rendered":"<p>SVILAJNAC- Nizom aktivnosti Centar za brigu o porodici u Svilajncu obele\u017eava Svetski dan deteta 20.novembar. Deca su se zabavljala matematikom, bojila lepim bojama i ekologijom. Izra\u0111ivani su \u00a0od prirodnog materijala. Izra\u0111ivan su ven\u010di\u0107i i ramovi za slike od li\u0161\u0107a i cve\u0107a. Pravilan rast i razvoj podrazumeva svakodnevno bavljenje fizi\u010dkom aktivno\u0161\u0107u. Poligon za ve\u017ebanja je obavio funkciju. Deca su u\u010dila da prave kesice od pak papira.<\/p>\n<div id='gallery-1' class='gallery galleryid-25666 gallery-columns-5 gallery-size-thumbnail'><figure class='gallery-item'>\n\t\t\t<div class='gallery-icon landscape'>\n\t\t\t\t<a href='https:\/\/centralmedia.rs\/index.php\/2020\/11\/19\/manifesacije-posvecene-deci\/centar-za-brigu-o-proodici5\/'><img loading=\"lazy\" decoding=\"async\" width=\"150\" height=\"150\" src=\"https:\/\/centralmedia.rs\/wp-content\/uploads\/2020\/11\/centar-za-brigu-o-proodici5-150x150.jpg\" class=\"attachment-thumbnail size-thumbnail\" alt=\"\" \/><\/a>\n\t\t\t<\/div><\/figure><figure class='gallery-item'>\n\t\t\t<div class='gallery-icon landscape'>\n\t\t\t\t<a href='https:\/\/centralmedia.rs\/index.php\/2020\/11\/19\/manifesacije-posvecene-deci\/centar-za-brigu-o-proodici4\/'><img loading=\"lazy\" decoding=\"async\" width=\"150\" height=\"150\" src=\"https:\/\/centralmedia.rs\/wp-content\/uploads\/2020\/11\/centar-za-brigu-o-proodici4-150x150.jpg\" class=\"attachment-thumbnail size-thumbnail\" alt=\"\" \/><\/a>\n\t\t\t<\/div><\/figure><figure class='gallery-item'>\n\t\t\t<div class='gallery-icon landscape'>\n\t\t\t\t<a href='https:\/\/centralmedia.rs\/index.php\/2020\/11\/19\/manifesacije-posvecene-deci\/centar-za-brigu-o-proodici3\/'><img loading=\"lazy\" decoding=\"async\" width=\"150\" height=\"150\" src=\"https:\/\/centralmedia.rs\/wp-content\/uploads\/2020\/11\/centar-za-brigu-o-proodici3-150x150.jpg\" class=\"attachment-thumbnail size-thumbnail\" alt=\"\" \/><\/a>\n\t\t\t<\/div><\/figure><figure class='gallery-item'>\n\t\t\t<div class='gallery-icon landscape'>\n\t\t\t\t<a href='https:\/\/centralmedia.rs\/index.php\/2020\/11\/19\/manifesacije-posvecene-deci\/centar-za-brigu-o-proodici2\/'><img loading=\"lazy\" decoding=\"async\" width=\"150\" height=\"150\" src=\"https:\/\/centralmedia.rs\/wp-content\/uploads\/2020\/11\/centar-za-brigu-o-proodici2-150x150.jpg\" class=\"attachment-thumbnail size-thumbnail\" alt=\"\" \/><\/a>\n\t\t\t<\/div><\/figure><figure class='gallery-item'>\n\t\t\t<div class='gallery-icon landscape'>\n\t\t\t\t<a href='https:\/\/centralmedia.rs\/index.php\/2020\/11\/19\/manifesacije-posvecene-deci\/centar-za-brigu-o-proodici1\/'><img loading=\"lazy\" decoding=\"async\" width=\"150\" height=\"150\" src=\"https:\/\/centralmedia.rs\/wp-content\/uploads\/2020\/11\/centar-za-brigu-o-proodici1-150x150.jpg\" class=\"attachment-thumbnail size-thumbnail\" alt=\"\" \/><\/a>\n\t\t\t<\/div><\/figure>\n\t\t<\/div>\n\n","protected":false},"excerpt":{"rendered":"<p>SVILAJNAC- Nizom aktivnosti Centar za brigu o porodici u Svilajncu obele\u017eava Svetski dan deteta 20.novembar. Deca su se zabavljala matematikom, bojila lepim bojama i ekologijom. &hellip; <\/p>\n","protected":false},"author":2,"featured_media":25667,"comment_status":"open","ping_status":"open","sticky":false,"template":"","format":"standard","meta":{"footnotes":""},"categories":[1524,2,23,887,1517,30],"tags":[3461,4960,38],"_links":{"self":[{"href":"https:\/\/centralmedia.rs\/index.php\/wp-json\/wp\/v2\/posts\/25666"}],"collection":[{"href":"https:\/\/centralmedia.rs\/index.php\/wp-json\/wp\/v2\/posts"}],"about":[{"href":"https:\/\/centralmedia.rs\/index.php\/wp-json\/wp\/v2\/types\/post"}],"author":[{"embeddable":true,"href":"https:\/\/centralmedia.rs\/index.php\/wp-json\/wp\/v2\/users\/2"}],"replies":[{"embeddable":true,"href":"https:\/\/centralmedia.rs\/index.php\/wp-json\/wp\/v2\/comments?post=25666"}],"version-history":[{"count":2,"href":"https:\/\/centralmedia.rs\/index.php\/wp-json\/wp\/v2\/posts\/25666\/revisions"}],"predecessor-version":[{"id":25674,"href":"https:\/\/centralmedia.rs\/index.php\/wp-json\/wp\/v2\/posts\/25666\/revisions\/25674"}],"wp:featuredmedia":[{"embeddable":true,"href":"https:\/\/centralmedia.rs\/index.php\/wp-json\/wp\/v2\/media\/25667"}],"wp:attachment":[{"href":"https:\/\/centralmedia.rs\/index.php\/wp-json\/wp\/v2\/media?parent=25666"}],"wp:term":[{"taxonomy":"category","embeddable":true,"href":"https:\/\/centralmedia.rs\/index.php\/wp-json\/wp\/v2\/categories?post=25666"},{"taxonomy":"post_tag","embeddable":true,"href":"https:\/\/centralmedia.rs\/index.php\/wp-json\/wp\/v2\/tags?post=25666"}],"curies":[{"name":"wp","href":"https:\/\/api.w.org\/{rel}","templated":true}]}}