{"id":25675,"date":"2020-11-19T21:00:13","date_gmt":"2020-11-19T21:00:13","guid":{"rendered":"http:\/\/centralmedia.rs\/?p=25675"},"modified":"2020-11-24T20:08:20","modified_gmt":"2020-11-24T20:08:20","slug":"obelezavanje-dana-prevremeno-rodenih-beba-2","status":"publish","type":"post","link":"https:\/\/centralmedia.rs\/index.php\/2020\/11\/19\/obelezavanje-dana-prevremeno-rodenih-beba-2\/","title":{"rendered":"OBELE\u017dAVANJE DANA PREVREMENO RO\u0110ENIH BEBA"},"content":{"rendered":"<p>SVILAJNAC- Op\u0161tina Svilajnac pridru\u017eila se po 3. put globalnoj kampanji obele\u017eava Dana prevremeno ro\u0111enih beba. Ljubi\u010dastim svetlom obasjane su zgrade Resavsavske biblioteke, Centra za kulturu, Gimnazije i Centra za brigu o porodici u znak podr\u0161ke porodicama prevremeno rodjenih beba.U svetu se svake godine prevremeno rodi skoro 15 miliona beba i 17. novembar je datum kada se na lokalnom, nacionalnom i globalnom nivou skre\u0107e pa\u017enja na probleme koje imaju ovi mali\u0161ani i njihovi roditelji.<\/p>\n<div id='gallery-1' class='gallery galleryid-25675 gallery-columns-3 gallery-size-thumbnail'><figure class='gallery-item'>\n\t\t\t<div class='gallery-icon landscape'>\n\t\t\t\t<a href='https:\/\/centralmedia.rs\/index.php\/2020\/11\/19\/obelezavanje-dana-prevremeno-rodenih-beba-2\/ljubicasto\/'><img loading=\"lazy\" decoding=\"async\" width=\"150\" height=\"150\" src=\"https:\/\/centralmedia.rs\/wp-content\/uploads\/2020\/11\/ljubi\u010dasto-150x150.jpg\" class=\"attachment-thumbnail size-thumbnail\" alt=\"\" \/><\/a>\n\t\t\t<\/div><\/figure><figure class='gallery-item'>\n\t\t\t<div class='gallery-icon landscape'>\n\t\t\t\t<a href='https:\/\/centralmedia.rs\/index.php\/2020\/11\/19\/obelezavanje-dana-prevremeno-rodenih-beba-2\/ljubicasto1\/'><img loading=\"lazy\" decoding=\"async\" width=\"150\" height=\"150\" src=\"https:\/\/centralmedia.rs\/wp-content\/uploads\/2020\/11\/ljubi\u010dasto1-150x150.jpg\" class=\"attachment-thumbnail size-thumbnail\" alt=\"\" \/><\/a>\n\t\t\t<\/div><\/figure><figure class='gallery-item'>\n\t\t\t<div class='gallery-icon landscape'>\n\t\t\t\t<a href='https:\/\/centralmedia.rs\/index.php\/2020\/11\/19\/obelezavanje-dana-prevremeno-rodenih-beba-2\/ljubicasto2\/'><img loading=\"lazy\" decoding=\"async\" width=\"150\" height=\"150\" src=\"https:\/\/centralmedia.rs\/wp-content\/uploads\/2020\/11\/ljubi\u010dasto2-150x150.jpg\" class=\"attachment-thumbnail size-thumbnail\" alt=\"\" \/><\/a>\n\t\t\t<\/div><\/figure>\n\t\t<\/div>\n\n","protected":false},"excerpt":{"rendered":"<p>SVILAJNAC- Op\u0161tina Svilajnac pridru\u017eila se po 3. put globalnoj kampanji obele\u017eava Dana prevremeno ro\u0111enih beba. Ljubi\u010dastim svetlom obasjane su zgrade Resavsavske biblioteke, Centra za kulturu, &hellip; <\/p>\n","protected":false},"author":2,"featured_media":25676,"comment_status":"open","ping_status":"open","sticky":false,"template":"","format":"standard","meta":{"footnotes":""},"categories":[1524,2,23,887,1517,30],"tags":[4199,38],"_links":{"self":[{"href":"https:\/\/centralmedia.rs\/index.php\/wp-json\/wp\/v2\/posts\/25675"}],"collection":[{"href":"https:\/\/centralmedia.rs\/index.php\/wp-json\/wp\/v2\/posts"}],"about":[{"href":"https:\/\/centralmedia.rs\/index.php\/wp-json\/wp\/v2\/types\/post"}],"author":[{"embeddable":true,"href":"https:\/\/centralmedia.rs\/index.php\/wp-json\/wp\/v2\/users\/2"}],"replies":[{"embeddable":true,"href":"https:\/\/centralmedia.rs\/index.php\/wp-json\/wp\/v2\/comments?post=25675"}],"version-history":[{"count":1,"href":"https:\/\/centralmedia.rs\/index.php\/wp-json\/wp\/v2\/posts\/25675\/revisions"}],"predecessor-version":[{"id":25679,"href":"https:\/\/centralmedia.rs\/index.php\/wp-json\/wp\/v2\/posts\/25675\/revisions\/25679"}],"wp:featuredmedia":[{"embeddable":true,"href":"https:\/\/centralmedia.rs\/index.php\/wp-json\/wp\/v2\/media\/25676"}],"wp:attachment":[{"href":"https:\/\/centralmedia.rs\/index.php\/wp-json\/wp\/v2\/media?parent=25675"}],"wp:term":[{"taxonomy":"category","embeddable":true,"href":"https:\/\/centralmedia.rs\/index.php\/wp-json\/wp\/v2\/categories?post=25675"},{"taxonomy":"post_tag","embeddable":true,"href":"https:\/\/centralmedia.rs\/index.php\/wp-json\/wp\/v2\/tags?post=25675"}],"curies":[{"name":"wp","href":"https:\/\/api.w.org\/{rel}","templated":true}]}}