{"id":2568,"date":"2016-03-29T23:16:33","date_gmt":"2016-03-29T23:16:33","guid":{"rendered":"http:\/\/centralmedia.rs\/?p=2568"},"modified":"2016-03-29T23:16:33","modified_gmt":"2016-03-29T23:16:33","slug":"palma-u-drustvu-najmocnijih-srba","status":"publish","type":"post","link":"https:\/\/centralmedia.rs\/index.php\/2016\/03\/29\/palma-u-drustvu-najmocnijih-srba\/","title":{"rendered":"PALMA U DRU\u0160TVU NAJMO\u0106NIJIH SRBA"},"content":{"rendered":"<p>JAGODINA \u2013 Poznati jagodinski biznismen i politi\u010dar Dragan Markovi\u0107 Palma na\u0161ao se na 109. mestu liste 300 najmo\u0107nijih ljudi u Srbiji, koju tradicionalno pravi dnevni list ,,Blic\u201d. Markovi\u0107 je pro\u0161le godine 89 na toj listi. <a href=\"https:\/\/centralmedia.rs\/wp-content\/uploads\/2016\/03\/palma-1.jpg\" rel=\"attachment wp-att-2570\"><img loading=\"lazy\" decoding=\"async\" src=\"https:\/\/centralmedia.rs\/wp-content\/uploads\/2016\/03\/palma-1-280x300.jpg\" alt=\"palma 1\" width=\"280\" height=\"300\" class=\"alignnone size-medium wp-image-2570\" srcset=\"https:\/\/centralmedia.rs\/wp-content\/uploads\/2016\/03\/palma-1-280x300.jpg 280w, https:\/\/centralmedia.rs\/wp-content\/uploads\/2016\/03\/palma-1-768x822.jpg 768w, https:\/\/centralmedia.rs\/wp-content\/uploads\/2016\/03\/palma-1.jpg 841w\" sizes=\"(max-width: 280px) 100vw, 280px\" \/><\/a>U Markovi\u0107evoj biografiji stoji da je ro\u0111en 2.5.1960. godine. Predsednik je i osniva\u010d Jedinstvene Srbije.  Srednju \u0161kolu zavr\u0161io je u Jagodini. Privatni je preduzetnik, vlasnik kompanije koja zapo\u0161ljava preko 100 radnika i u \u010dijem sastavu, osim televizije &#8220;Palma plus&#8221; posluje i preduze\u0107e za transport i trgovinu. Progla\u0161en je za najboljeg menad\u017eera i preduzetnika Srbije 1995. godine. 2013. godine dodeljeno mu je priznanje &#8220;Zlatni klju\u010d&#8221; za najaktivniju lokalnu samoupravu, iste godine na inicijativu 37 gradona\u010delnika i predsednika op\u0161tina izabran je za predsednika &#8220;Udru\u017eenja gradova i op\u0161tina Srbije&#8221;. U Jagodini trenutno obavlja funkciju predsednika Skup\u0161tine grada. U Skup\u0161tini Srbije je narodni poslanik od 2001. godine. O\u017eenjen je, otac dvoje dece i deda petoro unu\u010dadi.<\/p>\n","protected":false},"excerpt":{"rendered":"<p>JAGODINA \u2013 Poznati jagodinski biznismen i politi\u010dar Dragan Markovi\u0107 Palma na\u0161ao se na 109. mestu liste 300 najmo\u0107nijih ljudi u Srbiji, koju tradicionalno pravi dnevni &hellip; <\/p>\n","protected":false},"author":4,"featured_media":2569,"comment_status":"open","ping_status":"open","sticky":false,"template":"","format":"standard","meta":{"footnotes":""},"categories":[2,13,12],"tags":[665,58,664,120],"_links":{"self":[{"href":"https:\/\/centralmedia.rs\/index.php\/wp-json\/wp\/v2\/posts\/2568"}],"collection":[{"href":"https:\/\/centralmedia.rs\/index.php\/wp-json\/wp\/v2\/posts"}],"about":[{"href":"https:\/\/centralmedia.rs\/index.php\/wp-json\/wp\/v2\/types\/post"}],"author":[{"embeddable":true,"href":"https:\/\/centralmedia.rs\/index.php\/wp-json\/wp\/v2\/users\/4"}],"replies":[{"embeddable":true,"href":"https:\/\/centralmedia.rs\/index.php\/wp-json\/wp\/v2\/comments?post=2568"}],"version-history":[{"count":0,"href":"https:\/\/centralmedia.rs\/index.php\/wp-json\/wp\/v2\/posts\/2568\/revisions"}],"wp:featuredmedia":[{"embeddable":true,"href":"https:\/\/centralmedia.rs\/index.php\/wp-json\/wp\/v2\/media\/2569"}],"wp:attachment":[{"href":"https:\/\/centralmedia.rs\/index.php\/wp-json\/wp\/v2\/media?parent=2568"}],"wp:term":[{"taxonomy":"category","embeddable":true,"href":"https:\/\/centralmedia.rs\/index.php\/wp-json\/wp\/v2\/categories?post=2568"},{"taxonomy":"post_tag","embeddable":true,"href":"https:\/\/centralmedia.rs\/index.php\/wp-json\/wp\/v2\/tags?post=2568"}],"curies":[{"name":"wp","href":"https:\/\/api.w.org\/{rel}","templated":true}]}}