{"id":25689,"date":"2020-11-21T14:34:39","date_gmt":"2020-11-21T14:34:39","guid":{"rendered":"http:\/\/centralmedia.rs\/?p=25689"},"modified":"2020-11-24T20:08:49","modified_gmt":"2020-11-24T20:08:49","slug":"vlada-usvojila-nove-mere-za-suzbijanje-epidemije-covid-19","status":"publish","type":"post","link":"https:\/\/centralmedia.rs\/index.php\/2020\/11\/21\/vlada-usvojila-nove-mere-za-suzbijanje-epidemije-covid-19\/","title":{"rendered":"VLADA USVOJILA NOVE MERE ZA SUZBIJANJE EPIDEMIJE COVID\u201319"},"content":{"rendered":"<p>BEOGRAD- Vlada Republike Srbije usvojila je nove mere za suzbijanje epidemije izazvane bole\u0161\u0107u COVID\u201319, \u010dija primena po\u010dinje od utorka, 24. novembra 2020. godine.<\/p>\n<p>Nove protivepidemijske mere su:<\/p>\n<p>&#8211; Skra\u0107enje radnog vremena do 18 \u010dasova restoranima, kafi\u0107ima, barovima, klubovima, kladionicama i tr\u017enim centrima.<\/p>\n<p>&#8211; Obavezno i bezuslovno kori\u0161\u0107enje li\u010dne za\u0161titne opreme (no\u0161enje za\u0161titne maske) u zatvorenom prostoru, kao i na otvorenom prostoru u onim situacijama gde se ne mogu izbe\u0107i me\u0111uljudski kontakti.<\/p>\n<p>&#8211; Zabrana svih javnih okupljanja s prisustvom vi\u0161e od 5 (pet) osoba u zatvorenom i na otvorenom prostoru. Od ove mere izuzeti su radne organizacije, \u0161kolske ustanove, prodavnice, tr\u017eni centri i sli\u010dni objekti, za koje va\u017ei propisano ograni\u010denje broja prisutnih osoba u svakom trenutku u odnosu na kvadraturu objekta (minimum 4 m2 po osobi).<\/p>\n<p>&#8211; Omogu\u0107avanje rada od ku\u0107e svim zaposlenima kod kojih to radni proces dopu\u0161ta.<\/p>\n<p>&#8211; Stroga kontrola obaveze no\u0161enja za\u0161titne maske u vozilima javnog prevoza, uz ograni\u010denje maksimalnog broja putnika u vozilu na polovinu deklarisanog kapaciteta vozila.<\/p>\n<p>&#8211; Stroga kontrola sprovo\u0111enja ku\u0107ne izolacije, ku\u0107nog karantina (samoizolacije), kao i svih ostalih protivepidemijskih mera koje su na snazi.<\/p>\n<p>Navedene mere su oro\u010dene na period od 10 dana i bi\u0107e iznova razmotrene u skladu u sa aktuelnom epidemiolo\u0161kom situacijom.<\/p>\n<p>Vlada koristi i ovu priliku da jo\u0161 jednom zamoli i najsna\u017enije apeluje na sve gra\u0111ane da se pona\u0161aju odgovorno prema sebi i ostalim sugra\u0111anima.<\/p>\n<p>Sve usvojene mere imaju za cilj isklju\u010divo o\u010duvanje \u017eivota i zdravlja gra\u0111ana.<\/p>\n","protected":false},"excerpt":{"rendered":"<p>BEOGRAD- Vlada Republike Srbije usvojila je nove mere za suzbijanje epidemije izazvane bole\u0161\u0107u COVID\u201319, \u010dija primena po\u010dinje od utorka, 24. novembra 2020. godine. Nove protivepidemijske &hellip; <\/p>\n","protected":false},"author":2,"featured_media":25690,"comment_status":"open","ping_status":"open","sticky":false,"template":"","format":"standard","meta":{"footnotes":""},"categories":[2,13,12],"tags":[4441,4576,4455,1137],"_links":{"self":[{"href":"https:\/\/centralmedia.rs\/index.php\/wp-json\/wp\/v2\/posts\/25689"}],"collection":[{"href":"https:\/\/centralmedia.rs\/index.php\/wp-json\/wp\/v2\/posts"}],"about":[{"href":"https:\/\/centralmedia.rs\/index.php\/wp-json\/wp\/v2\/types\/post"}],"author":[{"embeddable":true,"href":"https:\/\/centralmedia.rs\/index.php\/wp-json\/wp\/v2\/users\/2"}],"replies":[{"embeddable":true,"href":"https:\/\/centralmedia.rs\/index.php\/wp-json\/wp\/v2\/comments?post=25689"}],"version-history":[{"count":1,"href":"https:\/\/centralmedia.rs\/index.php\/wp-json\/wp\/v2\/posts\/25689\/revisions"}],"predecessor-version":[{"id":25691,"href":"https:\/\/centralmedia.rs\/index.php\/wp-json\/wp\/v2\/posts\/25689\/revisions\/25691"}],"wp:featuredmedia":[{"embeddable":true,"href":"https:\/\/centralmedia.rs\/index.php\/wp-json\/wp\/v2\/media\/25690"}],"wp:attachment":[{"href":"https:\/\/centralmedia.rs\/index.php\/wp-json\/wp\/v2\/media?parent=25689"}],"wp:term":[{"taxonomy":"category","embeddable":true,"href":"https:\/\/centralmedia.rs\/index.php\/wp-json\/wp\/v2\/categories?post=25689"},{"taxonomy":"post_tag","embeddable":true,"href":"https:\/\/centralmedia.rs\/index.php\/wp-json\/wp\/v2\/tags?post=25689"}],"curies":[{"name":"wp","href":"https:\/\/api.w.org\/{rel}","templated":true}]}}