{"id":25695,"date":"2020-11-22T19:46:26","date_gmt":"2020-11-22T19:46:26","guid":{"rendered":"http:\/\/centralmedia.rs\/?p=25695"},"modified":"2020-11-24T20:09:15","modified_gmt":"2020-11-24T20:09:15","slug":"jos-jedan-u-nizu-zatvorenih-vrtica-u-jagodini-katanac-na-pivarcu","status":"publish","type":"post","link":"https:\/\/centralmedia.rs\/index.php\/2020\/11\/22\/jos-jedan-u-nizu-zatvorenih-vrtica-u-jagodini-katanac-na-pivarcu\/","title":{"rendered":"JO\u0160 JEDAN U NIZU ZATVORENIH VRTI\u0106A U JAGODINI \u2013 KATANAC NA ,,PIVARCU\u201c"},"content":{"rendered":"<p>JAGODINA- Direktorka Pred\u0161kolske ustanove ,,Pionir\u201c Voleta Nikoli\u0107 uporno odbija da javnosti saop\u0161ti epidemiolo\u0161ku situaciju u sedam vrti\u0107a u Jagodini, ali Kolegijum te ustanove obavestio roditelje da \u0107e vrti\u0107 ,,Pivara\u201c biti zatvoren do 4. decembra zbog toga \u0161to je od 20 testiranih radnica 9 pozitivno na koronavirus. Ovaj dopis roditelji su dobili u \u010detvrtak 19. novembra. Predhodno su zatvoreni objekti ,,Bambi\u201c i ,,Sunce\u201c zbog pojave koronavirusa. Nazvani\u010dno saznajemo da od pro\u0161le srede ,,Bambi\u201c ponovo radi. Objavljujemo dopis Kolegijuma PU ,,Pionir&#8221; u celini:<\/p>\n<p><img loading=\"lazy\" decoding=\"async\" class=\"alignnone wp-image-25696 size-large\" src=\"http:\/\/centralmedia.rs\/wp-content\/uploads\/2020\/11\/vrtic-dopis-832x1024.jpg\" alt=\"\" width=\"640\" height=\"788\" srcset=\"https:\/\/centralmedia.rs\/wp-content\/uploads\/2020\/11\/vrtic-dopis-832x1024.jpg 832w, https:\/\/centralmedia.rs\/wp-content\/uploads\/2020\/11\/vrtic-dopis-244x300.jpg 244w, https:\/\/centralmedia.rs\/wp-content\/uploads\/2020\/11\/vrtic-dopis-768x945.jpg 768w, https:\/\/centralmedia.rs\/wp-content\/uploads\/2020\/11\/vrtic-dopis-341x420.jpg 341w, https:\/\/centralmedia.rs\/wp-content\/uploads\/2020\/11\/vrtic-dopis-640x787.jpg 640w, https:\/\/centralmedia.rs\/wp-content\/uploads\/2020\/11\/vrtic-dopis-681x838.jpg 681w, https:\/\/centralmedia.rs\/wp-content\/uploads\/2020\/11\/vrtic-dopis.jpg 864w\" sizes=\"(max-width: 640px) 100vw, 640px\" \/><\/p>\n","protected":false},"excerpt":{"rendered":"<p>JAGODINA- Direktorka Pred\u0161kolske ustanove ,,Pionir\u201c Voleta Nikoli\u0107 uporno odbija da javnosti saop\u0161ti epidemiolo\u0161ku situaciju u sedam vrti\u0107a u Jagodini, ali Kolegijum te ustanove obavestio roditelje &hellip; <\/p>\n","protected":false},"author":2,"featured_media":25699,"comment_status":"open","ping_status":"open","sticky":false,"template":"","format":"standard","meta":{"footnotes":""},"categories":[14,1524,2,1514,12,1],"tags":[58,4576,4963],"_links":{"self":[{"href":"https:\/\/centralmedia.rs\/index.php\/wp-json\/wp\/v2\/posts\/25695"}],"collection":[{"href":"https:\/\/centralmedia.rs\/index.php\/wp-json\/wp\/v2\/posts"}],"about":[{"href":"https:\/\/centralmedia.rs\/index.php\/wp-json\/wp\/v2\/types\/post"}],"author":[{"embeddable":true,"href":"https:\/\/centralmedia.rs\/index.php\/wp-json\/wp\/v2\/users\/2"}],"replies":[{"embeddable":true,"href":"https:\/\/centralmedia.rs\/index.php\/wp-json\/wp\/v2\/comments?post=25695"}],"version-history":[{"count":7,"href":"https:\/\/centralmedia.rs\/index.php\/wp-json\/wp\/v2\/posts\/25695\/revisions"}],"predecessor-version":[{"id":25704,"href":"https:\/\/centralmedia.rs\/index.php\/wp-json\/wp\/v2\/posts\/25695\/revisions\/25704"}],"wp:featuredmedia":[{"embeddable":true,"href":"https:\/\/centralmedia.rs\/index.php\/wp-json\/wp\/v2\/media\/25699"}],"wp:attachment":[{"href":"https:\/\/centralmedia.rs\/index.php\/wp-json\/wp\/v2\/media?parent=25695"}],"wp:term":[{"taxonomy":"category","embeddable":true,"href":"https:\/\/centralmedia.rs\/index.php\/wp-json\/wp\/v2\/categories?post=25695"},{"taxonomy":"post_tag","embeddable":true,"href":"https:\/\/centralmedia.rs\/index.php\/wp-json\/wp\/v2\/tags?post=25695"}],"curies":[{"name":"wp","href":"https:\/\/api.w.org\/{rel}","templated":true}]}}