{"id":25715,"date":"2020-11-24T20:02:49","date_gmt":"2020-11-24T20:02:49","guid":{"rendered":"http:\/\/centralmedia.rs\/?p=25715"},"modified":"2020-12-17T00:20:16","modified_gmt":"2020-12-17T00:20:16","slug":"incident-zbog-radnog-vremena-restorana-pretvoren-u-politicko-prepucavanje","status":"publish","type":"post","link":"https:\/\/centralmedia.rs\/index.php\/2020\/11\/24\/incident-zbog-radnog-vremena-restorana-pretvoren-u-politicko-prepucavanje\/","title":{"rendered":"INCIDENT, ZBOG RADNOG VREMENA RESTORANA, PRETVOREN U POLITI\u010cKO PREPUCAVANJE"},"content":{"rendered":"<p>JAGODINA- Sino\u0107 je u Jagodini do\u0161lo je do tu\u010de izme\u0111u vlasnika jedne kafane i osobe\u00a0koja je prolazila pored nje, nakon zatvaranja zbog epidemiolo\u0161kih mera. Mu\u0161karac je snimao i komentarisao da se ne po\u0161tuju mere i tada je do\u0161lo do sukoba. Tako bi glasio, mo\u017eda, po\u010detak teksta bez konteksta, a su\u0161tina je da se holivudski re\u017eirano politi\u010dko prepucavanje i iskoristi za poku\u0161aj\u00a0 stvaranja jagodinske ,,opozicije&#8221;, eventualnog lidera, usled narastaju\u0107eg nezadovoljstva gra\u0111ana, koje uz koronavirus treba da ,,popije&#8221; i ovu pri\u010du. Elem, zvani\u010dni izve\u0161taj iz istrage bi trebalo ovako da zvu\u010di:<\/p>\n<p>-U tu\u010di su u ponedeljak uve\u010de u\u010destvovale dve osobe. Jedna je vlasnik kafane, druga je lice koje je prolazilo. Povrede, koje su zadobili nisu bile te\u0161ke, a oba lica \u0107e biti sankcionisana i dobi\u0107e prijave u redovnom postupku. Tre\u0107e lice je zadobilo povrede, ali nije u\u010destvovalo u tu\u010di. Na lice mesta je iza\u0161la policija i Hitna pomo\u0107. Na dru\u0161tvenim mre\u017eama se pojavio snimak grupe ljudi kako sede u lokalu kao dokaz da ne po\u0161tuju epidemiolo\u0161ke mere.<\/p>\n<div id='gallery-1' class='gallery galleryid-25715 gallery-columns-3 gallery-size-thumbnail'><figure class='gallery-item'>\n\t\t\t<div class='gallery-icon landscape'>\n\t\t\t\t<a href='https:\/\/centralmedia.rs\/index.php\/2020\/11\/24\/incident-zbog-radnog-vremena-restorana-pretvoren-u-politicko-prepucavanje\/milos1-2\/'><img loading=\"lazy\" decoding=\"async\" width=\"150\" height=\"150\" src=\"https:\/\/centralmedia.rs\/wp-content\/uploads\/2020\/11\/milos1-150x150.jpg\" class=\"attachment-thumbnail size-thumbnail\" alt=\"\" \/><\/a>\n\t\t\t<\/div><\/figure><figure class='gallery-item'>\n\t\t\t<div class='gallery-icon portrait'>\n\t\t\t\t<a href='https:\/\/centralmedia.rs\/index.php\/2020\/11\/24\/incident-zbog-radnog-vremena-restorana-pretvoren-u-politicko-prepucavanje\/milos2\/'><img loading=\"lazy\" decoding=\"async\" width=\"150\" height=\"150\" src=\"https:\/\/centralmedia.rs\/wp-content\/uploads\/2020\/11\/milos2-150x150.jpg\" class=\"attachment-thumbnail size-thumbnail\" alt=\"\" \/><\/a>\n\t\t\t<\/div><\/figure><figure class='gallery-item'>\n\t\t\t<div class='gallery-icon landscape'>\n\t\t\t\t<a href='https:\/\/centralmedia.rs\/index.php\/2020\/11\/24\/incident-zbog-radnog-vremena-restorana-pretvoren-u-politicko-prepucavanje\/milos-4\/'><img loading=\"lazy\" decoding=\"async\" width=\"150\" height=\"150\" src=\"https:\/\/centralmedia.rs\/wp-content\/uploads\/2020\/11\/milos-150x150.jpg\" class=\"attachment-thumbnail size-thumbnail\" alt=\"\" \/><\/a>\n\t\t\t<\/div><\/figure>\n\t\t<\/div>\n\n<p>Teolog i poverenik manastira Hilandar Milo\u0161 Stojkovi\u0107 vidno potresen i iznena\u0111en ovakvim razvojem doga\u0111aja izjavio je tim povodom da ga Sa\u0161a \u017divkovi\u0107 brutalno izvre\u0111ao i napao.<\/p>\n<p>-On je, sa \u017ealjenjem to ka\u017eem, krajnje nasilni\u010dki, karajnje nekotrolisano, dok sam sedeo sa svoji prijateljima u restoranu. Pristojno smo sedeli ne\u0161to posle 21 sat, nismo prekr\u0161ili mere, radnici su oti\u0161li, uga\u0161ena su svetla, kasa zatvorena, sve je bilo zatvoreno. Nas \u010detvorica smo razgovarali privatno i spremali se da iza\u0111emo. Vratima restorana je sa ulice pri\u0161ao \u017divkovi\u0107 kr\u0161e\u0107i, prvenstveno, moju slobodu ali drugih prisutnih, i neovla\u0161\u0107eno snimao mobilnim telefonom, nazivao me je ,,\u0161iptar\u010dinom\u201d, ,,\u0161iptarskim teologom\u201d. Po blagoslovu Svete Gore studirao sam i diplomirao, ali on je aludirao na moje poreklo sa Kosova i Metohije. Iza\u0161ao sam ispred restorana i pitao sam ga za\u0161to nas snima, rekao da smo privatno tu. Mogu da boravim u lokalu, nisam pla\u0107ao i naru\u010divao posle 21 sat. Sve je bilo bez ljudskosti i dostojanstva, nasilno. Posvao mi je ,,\u0161iptarsko poreklo\u201d, ,,majku \u0161iptarsku\u201d, nosio je fla\u0161icu kojom me je ga\u0111ao i povredio. To je konstatovano u Hitnoj pomo\u0107i. Nasilni\u010dkim pona\u0161anjem nanesene su mi telesne povrede po grudima, ruci i glavi, najgrublje sam izvre\u0111an. Ho\u0107u da verujem da ljudi kao \u0161to je \u017divkovi\u0107 nisu reprezenti pravih i istinskih Jagodinaca, rekao je danas medijima Stojkovi\u0107 i dodao da je \u017divkovi\u0107a video prvi put u \u017eivotu, te da je povre\u0111en duhovno, moralno i telesno.<\/p>\n<p><img loading=\"lazy\" decoding=\"async\" class=\"alignnone wp-image-25719 size-large\" src=\"http:\/\/centralmedia.rs\/wp-content\/uploads\/2020\/11\/sasa-zivkovic-1024x622.jpg\" alt=\"\" width=\"640\" height=\"389\" srcset=\"https:\/\/centralmedia.rs\/wp-content\/uploads\/2020\/11\/sasa-zivkovic-1024x622.jpg 1024w, https:\/\/centralmedia.rs\/wp-content\/uploads\/2020\/11\/sasa-zivkovic-300x182.jpg 300w, https:\/\/centralmedia.rs\/wp-content\/uploads\/2020\/11\/sasa-zivkovic-768x466.jpg 768w, https:\/\/centralmedia.rs\/wp-content\/uploads\/2020\/11\/sasa-zivkovic-692x420.jpg 692w, https:\/\/centralmedia.rs\/wp-content\/uploads\/2020\/11\/sasa-zivkovic-640x389.jpg 640w, https:\/\/centralmedia.rs\/wp-content\/uploads\/2020\/11\/sasa-zivkovic-681x414.jpg 681w, https:\/\/centralmedia.rs\/wp-content\/uploads\/2020\/11\/sasa-zivkovic.jpg 1454w\" sizes=\"(max-width: 640px) 100vw, 640px\" \/><\/p>\n<p>\u017divkovi\u0107 je danas preko medija javno uputio pitanje za\u0161to su on i Marijana Markovi\u0107 zadr\u017eani u policiji. On je okrivio vlasnika restorana za tu\u010du i izvinuo se Stojkovi\u0107u. Ka\u017ee da se predstavio kao novinar TV Slobodna Jagodina, koja ina\u010de ne postoji zvani\u010dno, ali on \u00a0koristi taj naziv prilikom snimanja lajvova. On je snimku pominjao ,,teologa,SNS,JS\u201d<\/p>\n<p>-Tra\u017eim prijem kod Vu\u010di\u0107a. Spreman sam da \u0161trajkujem gla\u0111u da bi do\u0161ao do Vu\u010di\u0107a. Nikoga nisam ga\u0111ao fla\u0161om. Stojkovi\u0107 je ispao ok, nikoga nije udario, ni \u0161utirao. To \u0161to je pose\u010den po grudima, to je od pada. Najve\u0107i krivac je Papirko. \u00a0Radno vreme je do 21 sat, kada mi vrate telefon, eto mene ponovo u proveri ko radi, istakao je \u017divkovi\u0107.<\/p>\n<p>Sa\u0161a \u017divkovi\u0107 je negirao da je Stojkovi\u0107a vre\u0111ao i psovao.<\/p>\n<p>-Stojkovi\u0107 nije upoznat da su moja majka i supruga sa KIM, da sam u\u010desnik rata 1999. godine, kao i da sam jedan od svedoka iz dokumentarnog filma ,,Voz\u201c. Zahtevam da se medijima dostavi video materijal sa kamera restorana. Ukoliko se vidi da sam imao fla\u0161u i da sam ga\u0111ao, zahtevam da budem osu\u0111en, najavio je on.<\/p>\n<p>Zahteva da se javno prika\u017ee video materijal sa bezbednostnih kamera na kome se vidi kompletan doga\u0111aj. Tako\u0111e, je uputio poziv da se javnosti da izve\u0161taj o \u00a0preduzetim radnjama.<\/p>\n<p>-Na mene je izvr\u0161en napad, to se vidi. Za\u0161to mi ne vrate telefon, optu\u017euje \u017divkovi\u0107.<\/p>\n<p>On je najavio da \u0107e tu\u017eiti nacionalne medije koji mu nisu omogu\u0107ili da odgovori na iznete optu\u017ebe.<\/p>\n<p>\u017divkovi\u0107a je podr\u017eao odbornik iz Jagodine Mita Arsi\u0107 isti\u010du\u0107i da ,,niko ne sme da ga bije\u201d, \u0161to se nije ni dogodilo. Povodom incidenta li\u010dni stav uputio je predsednika GrO Dveri Stefana Vuka Milanovi\u0107a.<\/p>\n<p>-Kako izgleda kada \u010doveka obuzme nekontrolisana mo\u0107 i kada narodski re\u010deno pojedincima ,,u\u0111e voda u u\u0161i&#8221; poznato je jo\u0161 od davnina. I Rimsko carstvo palo je usled ovakvog sleda doga\u0111aja. Kada se na bahatost dolije primitivizam reakcija je bez izuzetka kobna za dru\u0161tvo u kome se de\u0161ava. Lokalne jagodinske kabadahije, kvazi privrednici i deligitimisana politi\u010dka elita sino\u0107 su oti\u0161li jo\u0161 jedan korak dalje. Nije im dovoljno \u0161to svoje kontakte i krajnje sumnjivo ste\u010denu mo\u0107 koriste u cilju li\u010dnog i protivpravnog boga\u0107enja, nije im dovoljno \u0161to lokale i privredne subjekte koje poseduju pro\u0161iruju u najmanju ruku netransparentno, ve\u0107 bi da tuku i maltretiraju sve one koji im se suprotstave.<\/p>\n<p><img loading=\"lazy\" decoding=\"async\" class=\"alignnone size-full wp-image-25720\" src=\"http:\/\/centralmedia.rs\/wp-content\/uploads\/2020\/11\/dveri.jpg\" alt=\"\" width=\"246\" height=\"178\" \/><\/p>\n<p style=\"background: white;\"><span style=\"font-family: 'Arial','sans-serif'; color: #222222;\">Vlasnik jagodinskog restorana Lav, Zoran Vasi\u0107, poznatiji kao ,,Papirko&#8221; sino\u0107 je nakon bahatog stava koji je zauzeo u razgovoru sa gra\u0111anima Sa\u0161om \u017divkovi\u0107em i Marijanom Markovi\u0107 dao sebi za pravo da pod dejstvom alkohola iste fizi\u010dki napadne smatraju\u0107i to legitimnim \u010dinom, bez straha da bi organi reda \u010dak smeli i da pomisle da mu se suprotstave.<\/span><\/p>\n<p style=\"background: white;\"><span style=\"font-family: 'Arial','sans-serif'; color: #222222;\">Isfrustriran \u010dinjenicom da u restoranu Tigar ,,na mig&#8221; mora da zauzme stav za hvatanje tanjira, kao i da uvek mora da bude u kondiciji za sumorva\u010dke zahvate pribegao je demonstraciji sile nad ljudima koji sino\u0107, osim jednakosti za sve gra\u0111ane, nisu tra\u017eili ni\u0161ta drugo. <\/span><\/p>\n<p style=\"background: white;\"><span style=\"font-family: 'Arial','sans-serif'; color: #222222;\">Napomenuo bih da po sredi ovog saop\u0161tenja nije i ne\u0107e biti eventualno kr\u0161enje epidemiolo\u0161kih mera, pogotovo \u0161to iste najvi\u0161e kr\u0161e i sami \u010dlanovi kriznog \u0161taba pa i sam predsednik dr\u017eave, a na kraju krajeva, ljudi moraju da \u017eive i tokom ove pandemije. Motiv za pisanje ovog saop\u0161tenja je bahatost Vasi\u0107a koji ni posle skoro 24 sata od ovog incidenta nije na\u0161ao za shodno da se gra\u0111anima i celokupnoj jagodinskoj javnosti izvini. <\/span><\/p>\n<p style=\"background: white;\"><span style=\"font-family: 'Arial','sans-serif'; color: #222222;\">Opravdanje ne mo\u017ee biti prekomerna konzumacija alkohola Vasi\u0107a i naprednja\u010dke ekipe okupljene u restoranu Lav, kao ni \u017divkovi\u0107evo ,,neovla\u0161\u0107eno snimanje&#8221; kako su pojedini poku\u0161ali da kategori\u0161u to. Opravdanja nema, mogu\u0107e je samo izviniti se, i ni\u0161ta drugo. Pa ko prihvati, prihvatio je, stoji u li\u010dnom stavu Milanovi\u0107a.<\/span><\/p>\n","protected":false},"excerpt":{"rendered":"<p>JAGODINA- Sino\u0107 je u Jagodini do\u0161lo je do tu\u010de izme\u0111u vlasnika jedne kafane i osobe\u00a0koja je prolazila pored nje, nakon zatvaranja zbog epidemiolo\u0161kih mera. Mu\u0161karac &hellip; <\/p>\n","protected":false},"author":2,"featured_media":25716,"comment_status":"open","ping_status":"open","sticky":false,"template":"","format":"standard","meta":{"footnotes":""},"categories":[1524,20,2,1514,12],"tags":[4966,58,532,47],"_links":{"self":[{"href":"https:\/\/centralmedia.rs\/index.php\/wp-json\/wp\/v2\/posts\/25715"}],"collection":[{"href":"https:\/\/centralmedia.rs\/index.php\/wp-json\/wp\/v2\/posts"}],"about":[{"href":"https:\/\/centralmedia.rs\/index.php\/wp-json\/wp\/v2\/types\/post"}],"author":[{"embeddable":true,"href":"https:\/\/centralmedia.rs\/index.php\/wp-json\/wp\/v2\/users\/2"}],"replies":[{"embeddable":true,"href":"https:\/\/centralmedia.rs\/index.php\/wp-json\/wp\/v2\/comments?post=25715"}],"version-history":[{"count":7,"href":"https:\/\/centralmedia.rs\/index.php\/wp-json\/wp\/v2\/posts\/25715\/revisions"}],"predecessor-version":[{"id":25738,"href":"https:\/\/centralmedia.rs\/index.php\/wp-json\/wp\/v2\/posts\/25715\/revisions\/25738"}],"wp:featuredmedia":[{"embeddable":true,"href":"https:\/\/centralmedia.rs\/index.php\/wp-json\/wp\/v2\/media\/25716"}],"wp:attachment":[{"href":"https:\/\/centralmedia.rs\/index.php\/wp-json\/wp\/v2\/media?parent=25715"}],"wp:term":[{"taxonomy":"category","embeddable":true,"href":"https:\/\/centralmedia.rs\/index.php\/wp-json\/wp\/v2\/categories?post=25715"},{"taxonomy":"post_tag","embeddable":true,"href":"https:\/\/centralmedia.rs\/index.php\/wp-json\/wp\/v2\/tags?post=25715"}],"curies":[{"name":"wp","href":"https:\/\/api.w.org\/{rel}","templated":true}]}}