{"id":25733,"date":"2020-11-25T11:18:21","date_gmt":"2020-11-25T11:18:21","guid":{"rendered":"http:\/\/centralmedia.rs\/?p=25733"},"modified":"2020-12-17T00:20:00","modified_gmt":"2020-12-17T00:20:00","slug":"izvestaj-o-epidemioloskoj-situaciji-u-jagodinskim-vrticima-normalizacija-rada-vrtica","status":"publish","type":"post","link":"https:\/\/centralmedia.rs\/index.php\/2020\/11\/25\/izvestaj-o-epidemioloskoj-situaciji-u-jagodinskim-vrticima-normalizacija-rada-vrtica\/","title":{"rendered":"IZVE\u0160TAJ O EPIDEMIOLO\u0160KOJ SITUACIJI U JAGODINSKIM VRTI\u0106IMA &#8211; NORMALIZACIJA RADA VRTI\u0106A"},"content":{"rendered":"<p>JAGODINA- Direktorka Pred\u0161kolske ustanove ,,Pionir\u201d iz Jagodine Violeta Nikoli\u0107 u pisanoj izjavi medijima navela\u00a0 je da su zbog epidemije koronavirusa \u00a0trenutno \u010detiri objekta zatvorena, a da je posle perioda izolacije jedan po\u010deo sa radom, kao i da je 42. radnika zara\u017eeno, te da ima radnika u izolaciji koji su prvi kontakt sa zara\u017eenima. \u00a0Nema slu\u010dajeva infekcije me\u0111u decom. \u00a0PU ,,Pionir\u201d \u00a0zapo\u0161ljava 320 radnika u 7 objekata u gradu i jo\u0161 27 podru\u017ena odeljenja pri seoskim \u0161kolama.<\/p>\n<p><img loading=\"lazy\" decoding=\"async\" class=\"alignnone wp-image-25735 size-large\" src=\"http:\/\/centralmedia.rs\/wp-content\/uploads\/2020\/11\/pivara-1024x498.jpg\" alt=\"\" width=\"640\" height=\"311\" srcset=\"https:\/\/centralmedia.rs\/wp-content\/uploads\/2020\/11\/pivara-1024x498.jpg 1024w, https:\/\/centralmedia.rs\/wp-content\/uploads\/2020\/11\/pivara-300x146.jpg 300w, https:\/\/centralmedia.rs\/wp-content\/uploads\/2020\/11\/pivara-768x373.jpg 768w, https:\/\/centralmedia.rs\/wp-content\/uploads\/2020\/11\/pivara-864x420.jpg 864w, https:\/\/centralmedia.rs\/wp-content\/uploads\/2020\/11\/pivara-640x311.jpg 640w, https:\/\/centralmedia.rs\/wp-content\/uploads\/2020\/11\/pivara-681x331.jpg 681w, https:\/\/centralmedia.rs\/wp-content\/uploads\/2020\/11\/pivara.jpg 1800w\" sizes=\"(max-width: 640px) 100vw, 640px\" \/><\/p>\n<p>&#8211; Zbog trenutne situacije i epidemije u na\u0161oj Ustanovi, zatvorena su dva objekta u gradu i dva u selu. Objekat \u201eSunce\u201c i objekat \u201ePivarac\u201c, dok je objekat \u201eBambi\u201c bio u jedno periodu zatvoren ali je po\u010deo sa radom pro\u0161le nedelje. Od 320 radnika koliko ustanova broji, 42 su zara\u017eena koronavirusom. To su radnici u svim kategorijama, ali na \u017ealost, najvi\u0161e me\u0111u vaspita\u010dima i medicinskim sestrama vaspita\u010dima, jer oni \u010dine prvu liniju \u201eborbe\u201c protiv ove bolesti. Oni su prvi kontakt sa roditeljima i decom, stoji u pisanoj izjavi direktorke.<\/p>\n<p>\u0160to se ti\u010de radnika, svi su sa blagom klini\u010dkom slikom, blagim simptomima, i nijedan od radnika nije na bolni\u010dkom le\u010denju, istakla je ona i dodala da postoje i radnici koji su u izolaciji kao prvi kontakti sa zara\u017eenima. Potvrdila je odli\u010dnu saradnja sa Domom zdravlja, \u0161to se ti\u010de stalnih kontrola i testiranja radnika, kao i preventivnom delovanju na spre\u010davanju \u0161irenja epidemije.<\/p>\n<p>&#8211; Na\u00a0 radost svih nas, i zaposlenih u Ustanovi, ali pre svega i roditelja, nema zara\u017eenih me\u0111u decom, odnosno nije nam prijavljen nijedan slu\u010daj kod dece. Broj dece u grupama jeste smanjen, ali dobrim delom iz predostro\u017enosti roditelja, ali i na\u0161e, pa smo zato i napravili takav plan da se grupe i\u00a0 deca ne spajaju,da nema velikog broja dece u radnim sobama. Saradnja sa roditeljima je kao i uvek odli\u010dna, pogotovo u ovakvim situacijama, roditelji su puni razumevanja i po\u0161tuju sve na\u0161e mere i odluke, ka\u017ee u pismu direktorka Nikoli\u0107.<\/p>\n<p><img loading=\"lazy\" decoding=\"async\" class=\"alignnone wp-image-25736 size-large\" src=\"http:\/\/centralmedia.rs\/wp-content\/uploads\/2020\/11\/pivara1-1024x498.jpg\" alt=\"\" width=\"640\" height=\"311\" srcset=\"https:\/\/centralmedia.rs\/wp-content\/uploads\/2020\/11\/pivara1-1024x498.jpg 1024w, https:\/\/centralmedia.rs\/wp-content\/uploads\/2020\/11\/pivara1-300x146.jpg 300w, https:\/\/centralmedia.rs\/wp-content\/uploads\/2020\/11\/pivara1-768x373.jpg 768w, https:\/\/centralmedia.rs\/wp-content\/uploads\/2020\/11\/pivara1-864x420.jpg 864w, https:\/\/centralmedia.rs\/wp-content\/uploads\/2020\/11\/pivara1-640x311.jpg 640w, https:\/\/centralmedia.rs\/wp-content\/uploads\/2020\/11\/pivara1-681x331.jpg 681w, https:\/\/centralmedia.rs\/wp-content\/uploads\/2020\/11\/pivara1.jpg 1800w\" sizes=\"(max-width: 640px) 100vw, 640px\" \/><\/p>\n<p>PU ,,Pionir\u201d se pridr\u017eava svih mera koje su propisane, epidemiolo\u0161kih i sanitarnih. Po\u010detkom maja, posle pauze \u00a0u radu pred\u0161kolskih ustanova u Srbiji, Ustanova je donela poseban Pravilnik o na\u010dinu funkcionisanja i rada, \u00a0re\u017eimu dana, kao i poja\u010danim merama. U Ustanovi se svakodnevno dezinfikuju sve prostorije, holovi, dvori\u0161ta, igra\u010dke. Roditeljima nije dozvoljen ulazak u objekte. Radnicima se svakoga jutra meri temperatura, kao i deci pri jutarnjem prijemu i u toku dana pri trija\u017ei.<\/p>\n<p>&nbsp;<\/p>\n<p>&nbsp;<\/p>\n","protected":false},"excerpt":{"rendered":"<p>JAGODINA- Direktorka Pred\u0161kolske ustanove ,,Pionir\u201d iz Jagodine Violeta Nikoli\u0107 u pisanoj izjavi medijima navela\u00a0 je da su zbog epidemije koronavirusa \u00a0trenutno \u010detiri objekta zatvorena, a &hellip; <\/p>\n","protected":false},"author":2,"featured_media":25734,"comment_status":"open","ping_status":"open","sticky":false,"template":"","format":"standard","meta":{"footnotes":""},"categories":[14,1524,2,1514,12],"tags":[1582,58,4576,4945,1013],"_links":{"self":[{"href":"https:\/\/centralmedia.rs\/index.php\/wp-json\/wp\/v2\/posts\/25733"}],"collection":[{"href":"https:\/\/centralmedia.rs\/index.php\/wp-json\/wp\/v2\/posts"}],"about":[{"href":"https:\/\/centralmedia.rs\/index.php\/wp-json\/wp\/v2\/types\/post"}],"author":[{"embeddable":true,"href":"https:\/\/centralmedia.rs\/index.php\/wp-json\/wp\/v2\/users\/2"}],"replies":[{"embeddable":true,"href":"https:\/\/centralmedia.rs\/index.php\/wp-json\/wp\/v2\/comments?post=25733"}],"version-history":[{"count":1,"href":"https:\/\/centralmedia.rs\/index.php\/wp-json\/wp\/v2\/posts\/25733\/revisions"}],"predecessor-version":[{"id":25737,"href":"https:\/\/centralmedia.rs\/index.php\/wp-json\/wp\/v2\/posts\/25733\/revisions\/25737"}],"wp:featuredmedia":[{"embeddable":true,"href":"https:\/\/centralmedia.rs\/index.php\/wp-json\/wp\/v2\/media\/25734"}],"wp:attachment":[{"href":"https:\/\/centralmedia.rs\/index.php\/wp-json\/wp\/v2\/media?parent=25733"}],"wp:term":[{"taxonomy":"category","embeddable":true,"href":"https:\/\/centralmedia.rs\/index.php\/wp-json\/wp\/v2\/categories?post=25733"},{"taxonomy":"post_tag","embeddable":true,"href":"https:\/\/centralmedia.rs\/index.php\/wp-json\/wp\/v2\/tags?post=25733"}],"curies":[{"name":"wp","href":"https:\/\/api.w.org\/{rel}","templated":true}]}}