{"id":25739,"date":"2020-11-25T14:07:50","date_gmt":"2020-11-25T14:07:50","guid":{"rendered":"http:\/\/centralmedia.rs\/?p=25739"},"modified":"2020-12-17T00:19:43","modified_gmt":"2020-12-17T00:19:43","slug":"palma-u-srbiji-postoji-vizija-sa-logikom","status":"publish","type":"post","link":"https:\/\/centralmedia.rs\/index.php\/2020\/11\/25\/palma-u-srbiji-postoji-vizija-sa-logikom\/","title":{"rendered":"PALMA : U SRBIJI POSTOJI VIZIJA SA LOGIKOM"},"content":{"rendered":"<p>\u201cRadosna vest\u00a0\u00a0je da se Srbija na\u0161la na Londonskoj berzi, a to zna\u010di da \u0107e najmanje dva puta biti vi\u0161e zainteresovani strani investitori da donose svoj novac u Srbiju i da otvaraju nova radna mesta. Pohvalno je odlaganje pla\u0107anje poreza za one subjekte, koji mo\u017eda u ovom trenutku nisu naplatili svoje proizvode. Za lokalne samouprave je va\u017ean porez na apsolutna prava jer ta sredstva idu lokalnim samoupravama i pove\u0107ava\u0107e se izvorni prihodi i zato je veoma va\u017ena ekonomska stabilnost dr\u017eave, isplata redovnih obaveza kao \u0161to su plate i penzije i \u017eelim da pohvalim \u0161to \u0107e se od slede\u0107e godine penzije ispla\u0107ivati po \u0161vajcarskom modelu, po modelu jedne od ekonomski najstabilnijih dr\u017eava na svetu\u201d, izjavio je danas u Skup\u0161tini Srbije predsednik i \u0161ef poslani\u010dke grupe Jedinstvene Srbije Dragan Markovi\u0107 Palma. \u201cVa\u017eno je re\u0107i da se Srbija danas ravnopravno takmi\u010di sa zemljama Evropske unije koje su pre 7 \u2013 8 godina bile mnogo ja\u010de od na\u0161e zemlje u svakom smislu, a danas ne samo da se sa takvim dr\u017eavama takmi\u010dimo, nego i pobe\u0111ujemo. Srbija ima dobru budu\u0107nost, a dr\u017eava koja ima budu\u0107nost ima i samostalnost, a to zna\u010di da ne\u0107e vi\u0161e niko da tra\u017ei od nas ne\u0161to \u0161to je protiv na\u0161e volje, jer ne zavisimo od me\u0111unarodne pomo\u0107i. Neke mo\u0107ne dr\u017eave Evropske unije su prezadu\u017eene i morale su da prodaju ne\u0161to \u0161to je za njih ogromno bogatsvo. Ja ne\u0107u da govorim koje su to dr\u017eave. Tako\u0111e, uzmite primer Italije, koja je nekada bila simbol u svemu za Srbiju, a danas je mo\u017eda i najzadu\u017eenija dr\u017eava u Evropi po glavi stanovnika. Srbija danas mo\u017ee svima u ekonomskom smislu da iza\u0111e na crtu. Jedinstvena Srbija \u0107e glasati za ovaj set finansijskih zakona, jer nikome ne \u0161teti, a ima\u0107e koristi svaki gra\u0111anin u ovoj dr\u017eavi. Najva\u017enije je da postoji vizija sa logikom u ekonomskom smislu, a vizija sa logikom nije intuicija, pa vi sada ka\u017eete \u201cja ose\u0107am ne\u0161to\u201d. To nije da ode\u0161 na trafiku pa kupi\u0161 i pro\u010dita\u0161. To zna\u010di da si ne\u0161to radio u \u017eivotu i osetio na svojoj ko\u017ei. I uporedi\u0161 se sa kom\u0161ijom, a pod tim mislim na druge dr\u017eave i onda konstatuje\u0161 da dobro radi\u0161. Na\u0161oj koaliciji SPS \u2013 Jedinstvena Srbija nisu va\u017ene funkcije, nego nam je va\u017eno da gde god da stanemo, ljudi ka\u017eu \u201csvaka vam \u010dast imate dobre i vidljive rezultate. Srbija treba da nastavi putem kojim ide, a to je put razvoja, sigurnosti i put budu\u0107nosti\u201d, rekao je Markovi\u0107.<\/p>\n<p>VU\u010cI\u0106EV GOVOR NA SAHRANI PATRIJARHA IRINEJA JE BIO PRAVOSLAVNI, A NE POLITI\u010cKI<\/p>\n<p>\u201cSlu\u0161am neke koji ka\u017eu na predsednik Srbije Aleksandar Vu\u010di\u0107 nije trebao da govori na sahrani Patrijarha Irineja. Njegovo govoro uop\u0161te nije bio politi\u010dki, Njegov govor je bio pravoslavni i emotivni\u201d, rekao je Markovi\u0107.<\/p>\n<p>PALMA : ZA\u0160TITI POLJOPRIVREDNIKE I SVE GRA\u0110ANE OD NAKUPACA I TRGOVACA<\/p>\n<p>\u201cImam pitanje za ministra poljoprivrede Srbije, a to je \u201ckako da zaustavimo da poljoprrivredni proizvo\u0111a\u010di ve\u010dno rade za nakupce i trgovce. Nikada tovna junad nisu bila jeftinija nego poslednjih meseci. Jedno tele ko\u0161ta 600 evra, a poljoprivredni proizvo\u0111a\u010d mora da ga \u010duva od 9 do 12 meseci. Pre par meseci cena tovnih junadi je bila 2,2 evra po kilogramu \u017eive vage, a danas 1, 7 evra. A cena u kasapnicama je ostala ista. Gde te pare idu ? I tako se pravi dupla \u0161teta. I za poljoprivredne proizvo\u0111a\u010de i za kupce, odnosno sve gra\u0111ane koji odlaze u prodavnice i kasapnice\u201d, izjavio je danas predsednik i \u0161ef poslani\u010dke grupe Jedinstvene Srbije u Skup\u0161tini Srbije Dragan Markovi\u0107 Palma. \u201cImaju\u0107i u vidu da poljoprivredni proizvo\u0111a\u010d jednom godi\u0161nje prima platu, odnosno jednom godi\u0161nje dolazi do para i onaj ko ima 10 junadi u \u0161tali, na taj na\u010din godi\u0161nje gubi izme\u0111u 3000 i 4000 evra. Ne ka\u017eem da je za to kriv ministar poljoprivrede, ali mora\u0107e u taj posao da se uklju\u010di i inspekcija da vidimo gde ta razlika u ceni odlazi, jer se de\u0161ava da oni koji se bave preradom mesa i prodajom u kasapnicama zara\u0111uju po dva puta vi\u0161e u odnosu na nabavnu cenu.<\/p>\n<p>MORAMO DA RADIMO I NOSIMO TAJ VIRUS KAO DA JE OBI\u010cAN GRIP<\/p>\n<p>\u201cPredla\u017eem i da sekretar Skup\u0161tine Srbije Veljko Odalovi\u0107 obi\u0111e kovid ambulante i odeljenja i da obi\u0111e i narodne poslanike koji su zara\u017eeni korona virusom, jer Odalovi\u0107 ima imunitet. Siguran sam da svi pacijenti u kovid odeljenjima imaju maksimalnu uslugu i treba da se zahvalimo svim zdravstvenim radnicima. Ja sam siguran da 20 posto gra\u0111ana Srbije ima virus, a nema simptome. I jo\u0161 jednom bi apelovao da se smanje medijske poruke o koroni. Mi moramo da radimo i nosimo taj virus kao da je obi\u010dan grip. Da rade fabrike i da nam deca idu u \u0161kole. Evo neki gradovi su sami doneli odluku da da deca ne idu u \u0161kole. Ne mo\u017ee grad da ima takvu autonomiju. Autonomiju nad decom imaju roditelji. Tako\u0111e mi narodni poslanici treba da radimo i ne sme da nas upla\u0161i korona virus\u201d, rekao je Markovi\u0107.<\/p>\n<p>&nbsp;<\/p>\n","protected":false},"excerpt":{"rendered":"<p>\u201cRadosna vest\u00a0\u00a0je da se Srbija na\u0161la na Londonskoj berzi, a to zna\u010di da \u0107e najmanje dva puta biti vi\u0161e zainteresovani strani investitori da donose svoj &hellip; <\/p>\n","protected":false},"author":2,"featured_media":16269,"comment_status":"open","ping_status":"open","sticky":false,"template":"","format":"standard","meta":{"footnotes":""},"categories":[2,13,12],"tags":[4576,120,47,63],"_links":{"self":[{"href":"https:\/\/centralmedia.rs\/index.php\/wp-json\/wp\/v2\/posts\/25739"}],"collection":[{"href":"https:\/\/centralmedia.rs\/index.php\/wp-json\/wp\/v2\/posts"}],"about":[{"href":"https:\/\/centralmedia.rs\/index.php\/wp-json\/wp\/v2\/types\/post"}],"author":[{"embeddable":true,"href":"https:\/\/centralmedia.rs\/index.php\/wp-json\/wp\/v2\/users\/2"}],"replies":[{"embeddable":true,"href":"https:\/\/centralmedia.rs\/index.php\/wp-json\/wp\/v2\/comments?post=25739"}],"version-history":[{"count":1,"href":"https:\/\/centralmedia.rs\/index.php\/wp-json\/wp\/v2\/posts\/25739\/revisions"}],"predecessor-version":[{"id":25740,"href":"https:\/\/centralmedia.rs\/index.php\/wp-json\/wp\/v2\/posts\/25739\/revisions\/25740"}],"wp:featuredmedia":[{"embeddable":true,"href":"https:\/\/centralmedia.rs\/index.php\/wp-json\/wp\/v2\/media\/16269"}],"wp:attachment":[{"href":"https:\/\/centralmedia.rs\/index.php\/wp-json\/wp\/v2\/media?parent=25739"}],"wp:term":[{"taxonomy":"category","embeddable":true,"href":"https:\/\/centralmedia.rs\/index.php\/wp-json\/wp\/v2\/categories?post=25739"},{"taxonomy":"post_tag","embeddable":true,"href":"https:\/\/centralmedia.rs\/index.php\/wp-json\/wp\/v2\/tags?post=25739"}],"curies":[{"name":"wp","href":"https:\/\/api.w.org\/{rel}","templated":true}]}}