{"id":25755,"date":"2020-11-27T23:21:25","date_gmt":"2020-11-27T23:21:25","guid":{"rendered":"http:\/\/centralmedia.rs\/?p=25755"},"modified":"2020-12-20T21:48:10","modified_gmt":"2020-12-20T21:48:10","slug":"prvo-mesto-za-ucenice-iz-paracina","status":"publish","type":"post","link":"https:\/\/centralmedia.rs\/index.php\/2020\/11\/27\/prvo-mesto-za-ucenice-iz-paracina\/","title":{"rendered":"PRVO MESTO ZA U\u010cENICE IZ PARA\u0106INA"},"content":{"rendered":"<p>PARA\u0106IN- Na sajtu \u201eDostignu\u0107a mladih\u201d objavljeno je da su u\u010denice Tehnolo\u0161ke \u0161kole iz Para\u0107ina osvojile prvo mesto \u00a0mesto na regionalnom takmi\u010denju srednjo\u0161kolaca centralne Srbije u preduzetni\u010dkim ve\u0161tinama \u201ePoslovni izazov\u201d odr\u017eanom onlajn u sredu i \u010detvrtak. Anastasija Krneta, Mina Milosavljevi\u0107, Marta Radojkovi\u0107 i Teodora Stevanovi\u0107 pobedile su sa idejom o plasiranju silikonskih narukvica koje sadr\u017ee komoru za dezinfekciono sredstvo.<\/p>\n<p><img loading=\"lazy\" decoding=\"async\" class=\"alignnone wp-image-25757 size-full\" src=\"http:\/\/centralmedia.rs\/wp-content\/uploads\/2020\/11\/prvo-mesto-1-500x500.png\" alt=\"\" width=\"500\" height=\"500\" srcset=\"https:\/\/centralmedia.rs\/wp-content\/uploads\/2020\/11\/prvo-mesto-1-500x500.png 500w, https:\/\/centralmedia.rs\/wp-content\/uploads\/2020\/11\/prvo-mesto-1-500x500-150x150.png 150w, https:\/\/centralmedia.rs\/wp-content\/uploads\/2020\/11\/prvo-mesto-1-500x500-300x300.png 300w, https:\/\/centralmedia.rs\/wp-content\/uploads\/2020\/11\/prvo-mesto-1-500x500-420x420.png 420w\" sizes=\"(max-width: 500px) 100vw, 500px\" \/><\/p>\n<p>Takmi\u010dili su se u\u010denici iz 14 srednjih \u0161kola iz Brusa, Kni\u0107a, Kragujevca, Kru\u0161evca, Lapova, Para\u0107ina, Po\u017earevca, Smedereva, Smederevske Palanke, Trstenika i Velike Plane.\u00a0Timovi\u00a0su imali zadatak da osmisle proizvod ili uslugu koji \u0107e omogu\u0107iti ljudima da \u017eive kvalitetno uprkos specifi\u010dnim okolnostima koje sa sobom nosi pandemija.<strong>\u00a0<\/strong>Uz pomo\u0107 poslovnih mentora kreirali su biznis planove i video prezentacije za svoje ideje koje su drugog dana takmi\u010denja predstavili \u010dlanovima \u017eirija.<\/p>\n<p>-Na\u0161 proizvod koji smo nazvali Antivirusnica sadr\u017eao bi sredstvo za dezinfekciju dovoljno za 5 nano\u0161enja, a dezen, boju i izgled narukvice bismo prilagodile uzrastu i polu kupaca\u201d, obja\u0161njavaju Anastasija, Mina, Marta i Teodora.<\/p>\n<p><img loading=\"lazy\" decoding=\"async\" class=\"alignnone wp-image-25758 size-full\" src=\"http:\/\/centralmedia.rs\/wp-content\/uploads\/2020\/11\/takmicenje-1-1210x642.jpg\" alt=\"\" width=\"1210\" height=\"642\" srcset=\"https:\/\/centralmedia.rs\/wp-content\/uploads\/2020\/11\/takmicenje-1-1210x642.jpg 1210w, https:\/\/centralmedia.rs\/wp-content\/uploads\/2020\/11\/takmicenje-1-1210x642-300x160.jpg 300w, https:\/\/centralmedia.rs\/wp-content\/uploads\/2020\/11\/takmicenje-1-1210x642-768x407.jpg 768w, https:\/\/centralmedia.rs\/wp-content\/uploads\/2020\/11\/takmicenje-1-1210x642-1024x543.jpg 1024w, https:\/\/centralmedia.rs\/wp-content\/uploads\/2020\/11\/takmicenje-1-1210x642-792x420.jpg 792w, https:\/\/centralmedia.rs\/wp-content\/uploads\/2020\/11\/takmicenje-1-1210x642-640x340.jpg 640w, https:\/\/centralmedia.rs\/wp-content\/uploads\/2020\/11\/takmicenje-1-1210x642-681x361.jpg 681w\" sizes=\"(max-width: 1210px) 100vw, 1210px\" \/><\/p>\n<p>\u010clanovi tri prvoplasirana tima obezbedili su sebi mesto u Nacionalnom finalu koje \u0107e biti odr\u017eano u februaru u Beogradu, a pobednici na nacionalnom nivou \u0107e u\u010destvovati na Poslovnom izazovu zapadnog Balkana zajedno sa vr\u0161njacima iz Hrvatske, Bosne i Hercegovine i Crne Gore.<\/p>\n","protected":false},"excerpt":{"rendered":"<p>PARA\u0106IN- Na sajtu \u201eDostignu\u0107a mladih\u201d objavljeno je da su u\u010denice Tehnolo\u0161ke \u0161kole iz Para\u0107ina osvojile prvo mesto \u00a0mesto na regionalnom takmi\u010denju srednjo\u0161kolaca centralne Srbije u &hellip; <\/p>\n","protected":false},"author":2,"featured_media":25756,"comment_status":"open","ping_status":"open","sticky":false,"template":"","format":"standard","meta":{"footnotes":""},"categories":[1524,2,23,1516,887,30],"tags":[156,1872,4971],"_links":{"self":[{"href":"https:\/\/centralmedia.rs\/index.php\/wp-json\/wp\/v2\/posts\/25755"}],"collection":[{"href":"https:\/\/centralmedia.rs\/index.php\/wp-json\/wp\/v2\/posts"}],"about":[{"href":"https:\/\/centralmedia.rs\/index.php\/wp-json\/wp\/v2\/types\/post"}],"author":[{"embeddable":true,"href":"https:\/\/centralmedia.rs\/index.php\/wp-json\/wp\/v2\/users\/2"}],"replies":[{"embeddable":true,"href":"https:\/\/centralmedia.rs\/index.php\/wp-json\/wp\/v2\/comments?post=25755"}],"version-history":[{"count":2,"href":"https:\/\/centralmedia.rs\/index.php\/wp-json\/wp\/v2\/posts\/25755\/revisions"}],"predecessor-version":[{"id":25787,"href":"https:\/\/centralmedia.rs\/index.php\/wp-json\/wp\/v2\/posts\/25755\/revisions\/25787"}],"wp:featuredmedia":[{"embeddable":true,"href":"https:\/\/centralmedia.rs\/index.php\/wp-json\/wp\/v2\/media\/25756"}],"wp:attachment":[{"href":"https:\/\/centralmedia.rs\/index.php\/wp-json\/wp\/v2\/media?parent=25755"}],"wp:term":[{"taxonomy":"category","embeddable":true,"href":"https:\/\/centralmedia.rs\/index.php\/wp-json\/wp\/v2\/categories?post=25755"},{"taxonomy":"post_tag","embeddable":true,"href":"https:\/\/centralmedia.rs\/index.php\/wp-json\/wp\/v2\/tags?post=25755"}],"curies":[{"name":"wp","href":"https:\/\/api.w.org\/{rel}","templated":true}]}}